{"id":112,"date":"2005-10-27T22:22:05","date_gmt":"2005-10-27T22:22:05","guid":{"rendered":"http:\/\/www.contrapunktonline.de\/content\/?p=112"},"modified":"2012-03-09T13:59:50","modified_gmt":"2012-03-09T13:59:50","slug":"24-polen-warschauer-herbst-im-polnischen-fruhling","status":"publish","type":"post","link":"https:\/\/www.contrapunktonline.de\/content\/24-polen-warschauer-herbst-im-polnischen-fruhling\/","title":{"rendered":"24 \u2013 Polen \u2013 Warschauer Herbst im polnischen Fr\u00fchling?"},"content":{"rendered":"<div id=\"attachment_113\" style=\"width: 310px\" class=\"wp-caption alignright\"><a href=\"http:\/\/www.contrapunktonline.de\/content\/wp-content\/uploads\/2012\/03\/polen.png\"><img loading=\"lazy\" decoding=\"async\" aria-describedby=\"caption-attachment-113\" class=\"size-medium wp-image-113\" title=\"Flagge von Polen\" src=\"http:\/\/www.contrapunktonline.de\/content\/wp-content\/uploads\/2012\/03\/polen-300x187.png\" alt=\"Flagge von Polen\" width=\"300\" height=\"187\" srcset=\"https:\/\/www.contrapunktonline.de\/content\/wp-content\/uploads\/2012\/03\/polen-300x187.png 300w, https:\/\/www.contrapunktonline.de\/content\/wp-content\/uploads\/2012\/03\/polen-200x125.png 200w, https:\/\/www.contrapunktonline.de\/content\/wp-content\/uploads\/2012\/03\/polen-240x150.png 240w, https:\/\/www.contrapunktonline.de\/content\/wp-content\/uploads\/2012\/03\/polen.png 800w\" sizes=\"auto, (max-width: 300px) 100vw, 300px\" \/><\/a><p id=\"caption-attachment-113\" class=\"wp-caption-text\">Flagge von Polen<\/p><\/div>\n<p><strong>27. Oktober 2005 \u00a0\u2013\u00a0M\u00fcnchen, Goethe-Forum<\/strong><br \/>\nModeration: Theo Gei\u00dfler und Frank K\u00e4mpfer<br \/>\nRegie: Werner Bleisteiner \u2013 Recherche: Eva Schrot \u2013 Redaktion: Wolf Loeckle<\/p>\n<p>Befindlichkeiten zwischen Polen und Deutschland.\u00a0Eigentlich begann der Zerfall des Ostblocks vor genau 25 Jahren, im Sommer 1980, mit dem Streik der Danziger Werftarbeiter und der Gr\u00fcndung der Gewerkschaft Solidarnosc. Immerhin: Dessen Galionsfigur Lech Walesa folgte 10 Jahre sp\u00e4ter seinem einstigen Widersacher Jaruzelski als Pr\u00e4sident Polens. Wer mag sich damals die weitere Entwicklung vorgestellt haben?<\/p>\n<p>Das heute frischgebackene EU-Mitgliedsland Polen jedenfalls erhielt von seinen Partnern im wirtschaftlichen Geiste recht rasch das Pr\u00e4dikat \u201e\u00fcberraschend stabil&#8220;. Zum Dank daf\u00fcr wandte sich die Regierung in Warschau prompt und br\u00fcsk vom alten Europa ab und den Nordamerikanern zu. Die alte Hegemonialmacht Sowjetunion und ihre jetzigen Nachfolge-Staaten l\u00f6sen inzwischen aggressivere Ablehnung aus als das einstige deutsche Feindesland.<\/p>\n<p>Wo sortiert sich der Jahrhunderte lang zwischen Ost und West geschundene polnische Kulturraum ein in den br\u00f6ckelnden Prozess europ\u00e4ischer Gemeinsamkeiten? Wohin orientiert es sich tats\u00e4chlich \u2013 auch in Kunst und Kultur? Und, hat polnische Authentizit\u00e4t heute \u00fcberhaupt noch eine Chance?\u00a0<!--more--><\/p>\n<p>In Zusammenarbeit mit den Goethe-Instituten Krakau und Warschau.\u00a0Mit freundlicher Unterst\u00fctzung des Polnischen Kulturzentrums M\u00fcnchen<\/p>\n<p><strong>G\u00e4ste:<\/strong><\/p>\n<ul>\n<li>Dagmara Sosnowska<\/li>\n<li>Dr. Stephan Wackwitz,<\/li>\n<li>Anderzej Chlopecki<\/li>\n<li>Piotr Buras<\/li>\n<\/ul>\n<p><strong>Musik:<\/strong><\/p>\n<ul>\n<li>Motion Trio (Janusz Wojtarowicz, Pawel Baranek, Marcin Galazyn)<\/li>\n<\/ul>\n<h4>Sendung nachh\u00f6ren<\/h4>\n<div class=\"powerpress_player\" id=\"powerpress_player_9055\"><a href=\"http:\/\/media.blubrry.com\/contrapunkt\/www.contrapunktonline.de\/content\/wp-content\/uploads\/2005\/10\/cp24.mp3\" title=\"Play\" onclick=\"return powerpress_embed_html5a('9055','http:\/\/media.blubrry.com\/contrapunkt\/www.contrapunktonline.de\/content\/wp-content\/uploads\/2005\/10\/cp24.mp3');\" target=\"_blank\"><img decoding=\"async\" src=\"http:\/\/www.contrapunktonline.de\/content\/wp-content\/uploads\/powerpress\/play.gif\" title=\"Play\" alt=\"Play\" style=\"border:0;\" \/><\/a><\/div>\n\n<p><strong>Ablauf:<\/strong><\/p>\n<p>5:31 (1) <strong>Einf\u00fchrung ins Thema mit Chopin<\/strong><br \/>\nTheo Gei\u00dfler und Frank K\u00e4mpfer stellen das Sendungsthema vor. Bekannte und unbekannte Vorurteile.<\/p>\n<p>3:23 (2) <strong>Thomas Rautenberg<\/strong><br \/>\nBeitrag: Polen auf dem Weg in Europa: Nutznie\u00dfer, Verlierer und offene Rechnungen.<\/p>\n<p>20:51 (3) <strong>Vorstellung der Gespr\u00e4chsteilnehmer<\/strong><br \/>\nDagmara Sosnowska, Piotr Buras, Anderzej Chlopecki, Stephan Wackwitz \u2013 Die Rolle der Kultur im Umbruch<\/p>\n<p>4:30 (4) <strong>Live-Musik: First Day in Spring<\/strong><br \/>\nGespielt vom Motion Trio<\/p>\n<p>21:56 (5) <strong>Erste Diskussionsrunde<\/strong><br \/>\nNationalbombastische Musik und Avantgarde \u2013 vor 30 Jahren \u201eprotopolnische\u201c Rockmusik \u2013 Neue Musik heute \u2013 Spaziergang durch Warschau \u2013 Was h\u00f6rt man so f\u00fcr Musik in Polen?<\/p>\n<p>5:57 (6)<strong> Live-Musik: Stars<\/strong><br \/>\nGespielt vom Motion Trio<\/p>\n<p>4:52 (7) <strong>Lesung Peter Arp<\/strong><br \/>\nPolnische Literatur<\/p>\n<p>16:26 (8) <strong>Zweite Diskussionsrunde<\/strong><br \/>\nKritische Reflexion in Umbruchssituationen \u2013 Modernisierungsprozesse in Polen und Europa \u2013 produktives Durcheinander \u2013 \u2026<\/p>\n<p>2:24 (9) <strong>Live-Musik: Helikopter<\/strong><br \/>\nGespielt vom Motion Trio \u2026 und Stationsabsage<\/p>\n<div class=\"shariff shariff-align-left shariff-widget-align-left\"><div class=\"ShariffHeadline\"> <\/div><ul class=\"shariff-buttons theme-default orientation-horizontal buttonsize-medium\"><li class=\"shariff-button bluesky shariff-nocustomcolor\" style=\"background-color:#84c4ff\"><a href=\"https:\/\/bsky.app\/intent\/compose?text=24%20%E2%80%93%20Polen%20%E2%80%93%20Warschauer%20Herbst%20im%20polnischen%20Fr%C3%BChling%3F https%3A%2F%2Fwww.contrapunktonline.de%2Fcontent%2F24-polen-warschauer-herbst-im-polnischen-fruhling%2F \" title=\"Bei Bluesky teilen\" aria-label=\"Bei Bluesky teilen\" role=\"button\" rel=\"noopener nofollow\" class=\"shariff-link\" style=\"; background-color:#0085ff; color:#fff\" target=\"_blank\"><span class=\"shariff-icon\" style=\"\"><svg width=\"20\" height=\"20\" version=\"1.1\" xmlns=\"http:\/\/www.w3.org\/2000\/svg\" viewBox=\"0 0 20 20\"><path class=\"st0\" d=\"M4.89,3.12c2.07,1.55,4.3,4.71,5.11,6.4.82-1.69,3.04-4.84,5.11-6.4,1.49-1.12,3.91-1.99,3.91.77,0,.55-.32,4.63-.5,5.3-.64,2.3-2.99,2.89-5.08,2.54,3.65.62,4.58,2.68,2.57,4.74-3.81,3.91-5.48-.98-5.9-2.23-.08-.23-.11-.34-.12-.25,0-.09-.04.02-.12.25-.43,1.25-2.09,6.14-5.9,2.23-2.01-2.06-1.08-4.12,2.57-4.74-2.09.36-4.44-.23-5.08-2.54-.19-.66-.5-4.74-.5-5.3,0-2.76,2.42-1.89,3.91-.77h0Z\"\/><\/svg><\/span><span class=\"shariff-text\">teilen<\/span>&nbsp;<\/a><\/li><li class=\"shariff-button mastodon shariff-nocustomcolor\" style=\"background-color:#563ACC\"><a href=\"https:\/\/s2f.kytta.dev\/?text=24%20%E2%80%93%20Polen%20%E2%80%93%20Warschauer%20Herbst%20im%20polnischen%20Fr%C3%BChling%3F https%3A%2F%2Fwww.contrapunktonline.de%2Fcontent%2F24-polen-warschauer-herbst-im-polnischen-fruhling%2F\" title=\"Bei Mastodon teilen\" aria-label=\"Bei Mastodon teilen\" role=\"button\" rel=\"noopener nofollow\" class=\"shariff-link\" style=\"; background-color:#6364FF; color:#fff\" target=\"_blank\"><span class=\"shariff-icon\" style=\"\"><svg width=\"75\" height=\"79\" viewBox=\"0 0 75 79\" fill=\"none\" xmlns=\"http:\/\/www.w3.org\/2000\/svg\"><path d=\"M37.813-.025C32.462-.058 27.114.13 21.79.598c-8.544.621-17.214 5.58-20.203 13.931C-1.12 23.318.408 32.622.465 41.65c.375 7.316.943 14.78 3.392 21.73 4.365 9.465 14.781 14.537 24.782 15.385 7.64.698 15.761-.213 22.517-4.026a54.1 54.1 0 0 0 .01-6.232c-6.855 1.316-14.101 2.609-21.049 1.074-3.883-.88-6.876-4.237-7.25-8.215-1.53-3.988 3.78-.43 5.584-.883 9.048 1.224 18.282.776 27.303-.462 7.044-.837 14.26-4.788 16.65-11.833 2.263-6.135 1.215-12.79 1.698-19.177.06-3.84.09-7.692-.262-11.52C72.596 7.844 63.223.981 53.834.684a219.453 219.453 0 0 0-16.022-.71zm11.294 12.882c5.5-.067 10.801 4.143 11.67 9.653.338 1.48.471 3 .471 4.515v21.088h-8.357c-.07-7.588.153-15.182-.131-22.765-.587-4.368-7.04-5.747-9.672-2.397-2.422 3.04-1.47 7.155-1.67 10.735v6.392h-8.307c-.146-4.996.359-10.045-.404-15.002-1.108-4.218-7.809-5.565-10.094-1.666-1.685 3.046-.712 6.634-.976 9.936v14.767h-8.354c.109-8.165-.238-16.344.215-24.5.674-5.346 5.095-10.389 10.676-10.627 4.902-.739 10.103 2.038 12.053 6.631.375 1.435 1.76 1.932 1.994.084 1.844-3.704 5.501-6.739 9.785-6.771.367-.044.735-.068 1.101-.073z\"\/><defs><linearGradient id=\"paint0_linear_549_34\" x1=\"37.0692\" y1=\"0\" x2=\"37.0692\" y2=\"79\" gradientUnits=\"userSpaceOnUse\"><stop stop-color=\"#6364FF\"\/><stop offset=\"1\" stop-color=\"#563ACC\"\/><\/linearGradient><\/defs><\/svg><\/span><span class=\"shariff-text\">teilen<\/span>&nbsp;<\/a><\/li><li class=\"shariff-button info shariff-nocustomcolor\" style=\"background-color:#eee\"><a href=\"http:\/\/ct.de\/-2467514\" title=\"Weitere Informationen\" aria-label=\"Weitere Informationen\" role=\"button\" rel=\"noopener \" class=\"shariff-link\" style=\"; background-color:#fff; color:#fff\" target=\"_blank\"><span class=\"shariff-icon\" style=\"\"><svg width=\"32px\" height=\"20px\" xmlns=\"http:\/\/www.w3.org\/2000\/svg\" viewBox=\"0 0 11 32\"><path fill=\"#999\" d=\"M11.4 24v2.3q0 0.5-0.3 0.8t-0.8 0.4h-9.1q-0.5 0-0.8-0.4t-0.4-0.8v-2.3q0-0.5 0.4-0.8t0.8-0.4h1.1v-6.8h-1.1q-0.5 0-0.8-0.4t-0.4-0.8v-2.3q0-0.5 0.4-0.8t0.8-0.4h6.8q0.5 0 0.8 0.4t0.4 0.8v10.3h1.1q0.5 0 0.8 0.4t0.3 0.8zM9.2 3.4v3.4q0 0.5-0.4 0.8t-0.8 0.4h-4.6q-0.4 0-0.8-0.4t-0.4-0.8v-3.4q0-0.4 0.4-0.8t0.8-0.4h4.6q0.5 0 0.8 0.4t0.4 0.8z\"\/><\/svg><\/span><\/a><\/li><\/ul><\/div>","protected":false},"excerpt":{"rendered":"<p>Befindlichkeiten zwischen Polen und Deutschland. Wo sortiert sich der Jahrhunderte lang zwischen Ost und West geschundene polnische Kulturraum ein in den br\u00f6ckelnden Prozess europ\u00e4ischer Gemeinsamkeiten? Wohin orientiert es sich tats\u00e4chlich \u2013 auch in Kunst und Kultur? Und, hat polnische Authentizit\u00e4t heute \u00fcberhaupt noch eine Chance?<\/p>\n","protected":false},"author":1,"featured_media":0,"comment_status":"closed","ping_status":"closed","sticky":false,"template":"","format":"standard","meta":{"ngg_post_thumbnail":0,"_jetpack_memberships_contains_paid_content":false,"footnotes":""},"categories":[15,6,10],"tags":[19,45,38],"class_list":["post-112","post","type-post","status-publish","format-standard","hentry","category-bayern4klassik","category-europaischer-dialog","category-goethe-institut","tag-europa","tag-osteuropa","tag-polen"],"jetpack_featured_media_url":"","jetpack_sharing_enabled":true,"_links":{"self":[{"href":"https:\/\/www.contrapunktonline.de\/content\/wp-json\/wp\/v2\/posts\/112","targetHints":{"allow":["GET"]}}],"collection":[{"href":"https:\/\/www.contrapunktonline.de\/content\/wp-json\/wp\/v2\/posts"}],"about":[{"href":"https:\/\/www.contrapunktonline.de\/content\/wp-json\/wp\/v2\/types\/post"}],"author":[{"embeddable":true,"href":"https:\/\/www.contrapunktonline.de\/content\/wp-json\/wp\/v2\/users\/1"}],"replies":[{"embeddable":true,"href":"https:\/\/www.contrapunktonline.de\/content\/wp-json\/wp\/v2\/comments?post=112"}],"version-history":[{"count":5,"href":"https:\/\/www.contrapunktonline.de\/content\/wp-json\/wp\/v2\/posts\/112\/revisions"}],"predecessor-version":[{"id":171,"href":"https:\/\/www.contrapunktonline.de\/content\/wp-json\/wp\/v2\/posts\/112\/revisions\/171"}],"wp:attachment":[{"href":"https:\/\/www.contrapunktonline.de\/content\/wp-json\/wp\/v2\/media?parent=112"}],"wp:term":[{"taxonomy":"category","embeddable":true,"href":"https:\/\/www.contrapunktonline.de\/content\/wp-json\/wp\/v2\/categories?post=112"},{"taxonomy":"post_tag","embeddable":true,"href":"https:\/\/www.contrapunktonline.de\/content\/wp-json\/wp\/v2\/tags?post=112"}],"curies":[{"name":"wp","href":"https:\/\/api.w.org\/{rel}","templated":true}]}}