{"id":146,"date":"2005-03-24T22:14:05","date_gmt":"2005-03-24T22:14:05","guid":{"rendered":"http:\/\/www.contrapunktonline.de\/content\/?p=146"},"modified":"2012-03-09T13:59:01","modified_gmt":"2012-03-09T13:59:01","slug":"22-tschechien-prager-bruckenschlage","status":"publish","type":"post","link":"https:\/\/www.contrapunktonline.de\/content\/22-tschechien-prager-bruckenschlage\/","title":{"rendered":"22 \u2013 Tschechien. Prager Br\u00fcckenschl\u00e4ge"},"content":{"rendered":"<div id=\"attachment_147\" style=\"width: 310px\" class=\"wp-caption alignright\"><a href=\"http:\/\/www.contrapunktonline.de\/content\/wp-content\/uploads\/2012\/03\/tschechien.png\"><img loading=\"lazy\" decoding=\"async\" aria-describedby=\"caption-attachment-147\" class=\"size-medium wp-image-147\" title=\"Flagge von Tschechien\" src=\"http:\/\/www.contrapunktonline.de\/content\/wp-content\/uploads\/2012\/03\/tschechien-300x199.png\" alt=\"Flagge von Tschechien\" width=\"300\" height=\"199\" srcset=\"https:\/\/www.contrapunktonline.de\/content\/wp-content\/uploads\/2012\/03\/tschechien-300x200.png 300w, https:\/\/www.contrapunktonline.de\/content\/wp-content\/uploads\/2012\/03\/tschechien-200x133.png 200w, https:\/\/www.contrapunktonline.de\/content\/wp-content\/uploads\/2012\/03\/tschechien-225x150.png 225w, https:\/\/www.contrapunktonline.de\/content\/wp-content\/uploads\/2012\/03\/tschechien.png 800w\" sizes=\"auto, (max-width: 300px) 100vw, 300px\" \/><\/a><p id=\"caption-attachment-147\" class=\"wp-caption-text\">Flagge von Tschechien<\/p><\/div>\n<p><strong>24. M\u00e4rz 2005 \u00a0\u2013\u00a0M\u00fcnchen, Goethe-Forum<\/strong><br \/>\nModeration: Theo Gei\u00dfler und Frank K\u00e4mpfer<br \/>\nRegie: Werner Bleisteiner \u2013 Recherche: Eva Schrot \u2013 Redaktion: Wolf Loeckle<\/p>\n<p>Hinter dem Bayerischen Wald war einst der Eiserne Vorhang. Jetzt sind seit 15 Jahren die Grenzen nicht nur offen, sondern fast ganz verschwunden. H\u00fcben und Dr\u00fcben putzt man sich heraus, um gegenseitig den Beitritt Tschechiens in die Europ\u00e4ische Union in bare M\u00fcnze zu verwandeln. Doch nach wie vor gibt es auch \u00c4ngste &#8211; nicht blo\u00df wirtschaftlicher Natur. Auch kulturell haben 50 Jahre Kommunismus die Mauern in den K\u00f6pfen zementiert. Zwar wurde Prag einst die erste deutsche Universit\u00e4t gegr\u00fcndet und die Moldaumetropole war \u00fcber Jahrhunderte ein multikultureller Schmelztiegel mit ganz besonderem Flair. Doch Tschechien ist eben nicht nur Prag. Auch das Hinterland hat seinen Reiz und kulturgeschichtlich stets eine nicht minder wichtige Rolle gespielt.\u00a0<!--more--><\/p>\n<p><strong>G\u00e4ste:<\/strong><\/p>\n<ul>\n<li>Michael Frank,<\/li>\n<li>Milan Slavicky,<\/li>\n<li>Tomas Kafka<\/li>\n<\/ul>\n<p><strong>Musik:<\/strong><\/p>\n<ul>\n<li>Ensemble MoEns aus Prag (<a href=\"http:\/\/www.musica.cz\/mondschein\/\" target=\"_blank\">Website<\/a>) \u2013<br \/>\nDavid Danel &#8211; violin, Kamil Dolezal &#8211; clarinet, Hanus Barton &#8211; piano, Milada Strasilova &#8211; violoncello<\/li>\n<\/ul>\n<h4>Sendung nachh\u00f6ren<\/h4>\n<div class=\"powerpress_player\" id=\"powerpress_player_2195\"><a href=\"http:\/\/media.blubrry.com\/contrapunkt\/www.contrapunktonline.de\/content\/wp-content\/uploads\/2012\/03\/cp22.mp3\" title=\"Play\" onclick=\"return powerpress_embed_html5a('2195','http:\/\/media.blubrry.com\/contrapunkt\/www.contrapunktonline.de\/content\/wp-content\/uploads\/2012\/03\/cp22.mp3');\" target=\"_blank\"><img decoding=\"async\" src=\"http:\/\/www.contrapunktonline.de\/content\/wp-content\/uploads\/powerpress\/play.gif\" title=\"Play\" alt=\"Play\" style=\"border:0;\" \/><\/a><\/div>\n\n<p>4:45 (1) <strong>Einf\u00fchrung ins Thema<\/strong><br \/>\nTheo Gei\u00dfler und Frank K\u00e4mpfer f\u00fchren in das Thema ein<\/p>\n<p>6:01 (2) <strong>Peter Hornung<\/strong><br \/>\nBeitrag: Tschechiens Weg in die Europ\u00e4ische Union<\/p>\n<p>14:21 (3) <strong>Vorstellung der Gespr\u00e4chsteilnehmer<\/strong><br \/>\nTomas Kafka, Milan Slavicky, Michael Frank<br \/>\n[Ahnungslosigkeit &amp; Stereotypen]<\/p>\n<p>2:53 (4) <strong>Live-Musik mit dem Ensemble MoEns<\/strong><br \/>\nAnbetung IV von Milan Slavicky<br \/>\n(David Danel &#8211; violin, Kamil Dolezal &#8211; clarinet, Hanus Barton &#8211; piano)<\/p>\n<p>16:19 (5) <strong>Erste Diskussionsrunde<\/strong><br \/>\nMusikersein in Tschechien \u2013 Angst \u2013 Antideutsches Tremolo<\/p>\n<p>5:11 (6) <strong>Lesung Peter Arp<\/strong><br \/>\n\u201eDas Klofenster des Pr\u00e4sidenten\u201c von Michael Frank<\/p>\n<p>10:13 (7) <strong>Zweite Diskussionsrunde<\/strong><br \/>\nEin Kafka aus Prag \u2013 F\u00f6rderungsmittelvergabe \u2013 Humor \u2013 \u201eWir m\u00f6gen unsere \u00c4ngste, wenn wir sie selber definieren k\u00f6nnen\u201c<\/p>\n<p>3:07 (8) <strong>Live-Musik mit dem Ensemble MoEns<\/strong><br \/>\nSalvataggio (?) von Martin Marek<br \/>\n(David Danel &#8211; violin)<\/p>\n<p>19:38 (9) <strong>Dritte Diskussionsrunde<\/strong><br \/>\nHasek und Ma\u00dfregeln f\u00fcr heute \u2013 \u201eWunder kommen zu sp\u00e4t\u201c \u2013 Aufgekl\u00e4rte Despotie (Bayern) vs. aufgekl\u00e4rtes Chaos (Tschechien) \u2013 Das Schwejken \u2013 Pl\u00e4doyer f\u00fcr Missverst\u00e4ndnisse \/\/\/ und Absage.<\/p>\n<p>2:44 (10) <strong>Live-Musik mit dem Ensemble MoEns<\/strong><br \/>\nAbendmusik von Hanus Barton (David Danel &#8211; violin, Kamil Dolezal &#8211; clarinet, Hanus Barton &#8211; piano, Milada Strasilova &#8211; violoncello)<br \/>\n\u2026 und Stationsabsage<\/p>\n<div class=\"shariff shariff-align-left shariff-widget-align-left\"><div class=\"ShariffHeadline\"> <\/div><ul class=\"shariff-buttons theme-default orientation-horizontal buttonsize-medium\"><li class=\"shariff-button bluesky shariff-nocustomcolor\" style=\"background-color:#84c4ff\"><a href=\"https:\/\/bsky.app\/intent\/compose?text=22%20%E2%80%93%20Tschechien.%20Prager%20Br%C3%BCckenschl%C3%A4ge https%3A%2F%2Fwww.contrapunktonline.de%2Fcontent%2F22-tschechien-prager-bruckenschlage%2F \" title=\"Bei Bluesky teilen\" aria-label=\"Bei Bluesky teilen\" role=\"button\" rel=\"noopener nofollow\" class=\"shariff-link\" style=\"; background-color:#0085ff; color:#fff\" target=\"_blank\"><span class=\"shariff-icon\" style=\"\"><svg width=\"20\" height=\"20\" version=\"1.1\" xmlns=\"http:\/\/www.w3.org\/2000\/svg\" viewBox=\"0 0 20 20\"><path class=\"st0\" d=\"M4.89,3.12c2.07,1.55,4.3,4.71,5.11,6.4.82-1.69,3.04-4.84,5.11-6.4,1.49-1.12,3.91-1.99,3.91.77,0,.55-.32,4.63-.5,5.3-.64,2.3-2.99,2.89-5.08,2.54,3.65.62,4.58,2.68,2.57,4.74-3.81,3.91-5.48-.98-5.9-2.23-.08-.23-.11-.34-.12-.25,0-.09-.04.02-.12.25-.43,1.25-2.09,6.14-5.9,2.23-2.01-2.06-1.08-4.12,2.57-4.74-2.09.36-4.44-.23-5.08-2.54-.19-.66-.5-4.74-.5-5.3,0-2.76,2.42-1.89,3.91-.77h0Z\"\/><\/svg><\/span><span class=\"shariff-text\">teilen<\/span>&nbsp;<\/a><\/li><li class=\"shariff-button mastodon shariff-nocustomcolor\" style=\"background-color:#563ACC\"><a href=\"https:\/\/s2f.kytta.dev\/?text=22%20%E2%80%93%20Tschechien.%20Prager%20Br%C3%BCckenschl%C3%A4ge https%3A%2F%2Fwww.contrapunktonline.de%2Fcontent%2F22-tschechien-prager-bruckenschlage%2F\" title=\"Bei Mastodon teilen\" aria-label=\"Bei Mastodon teilen\" role=\"button\" rel=\"noopener nofollow\" class=\"shariff-link\" style=\"; background-color:#6364FF; color:#fff\" target=\"_blank\"><span class=\"shariff-icon\" style=\"\"><svg width=\"75\" height=\"79\" viewBox=\"0 0 75 79\" fill=\"none\" xmlns=\"http:\/\/www.w3.org\/2000\/svg\"><path d=\"M37.813-.025C32.462-.058 27.114.13 21.79.598c-8.544.621-17.214 5.58-20.203 13.931C-1.12 23.318.408 32.622.465 41.65c.375 7.316.943 14.78 3.392 21.73 4.365 9.465 14.781 14.537 24.782 15.385 7.64.698 15.761-.213 22.517-4.026a54.1 54.1 0 0 0 .01-6.232c-6.855 1.316-14.101 2.609-21.049 1.074-3.883-.88-6.876-4.237-7.25-8.215-1.53-3.988 3.78-.43 5.584-.883 9.048 1.224 18.282.776 27.303-.462 7.044-.837 14.26-4.788 16.65-11.833 2.263-6.135 1.215-12.79 1.698-19.177.06-3.84.09-7.692-.262-11.52C72.596 7.844 63.223.981 53.834.684a219.453 219.453 0 0 0-16.022-.71zm11.294 12.882c5.5-.067 10.801 4.143 11.67 9.653.338 1.48.471 3 .471 4.515v21.088h-8.357c-.07-7.588.153-15.182-.131-22.765-.587-4.368-7.04-5.747-9.672-2.397-2.422 3.04-1.47 7.155-1.67 10.735v6.392h-8.307c-.146-4.996.359-10.045-.404-15.002-1.108-4.218-7.809-5.565-10.094-1.666-1.685 3.046-.712 6.634-.976 9.936v14.767h-8.354c.109-8.165-.238-16.344.215-24.5.674-5.346 5.095-10.389 10.676-10.627 4.902-.739 10.103 2.038 12.053 6.631.375 1.435 1.76 1.932 1.994.084 1.844-3.704 5.501-6.739 9.785-6.771.367-.044.735-.068 1.101-.073z\"\/><defs><linearGradient id=\"paint0_linear_549_34\" x1=\"37.0692\" y1=\"0\" x2=\"37.0692\" y2=\"79\" gradientUnits=\"userSpaceOnUse\"><stop stop-color=\"#6364FF\"\/><stop offset=\"1\" stop-color=\"#563ACC\"\/><\/linearGradient><\/defs><\/svg><\/span><span class=\"shariff-text\">teilen<\/span>&nbsp;<\/a><\/li><li class=\"shariff-button info shariff-nocustomcolor\" style=\"background-color:#eee\"><a href=\"http:\/\/ct.de\/-2467514\" title=\"Weitere Informationen\" aria-label=\"Weitere Informationen\" role=\"button\" rel=\"noopener \" class=\"shariff-link\" style=\"; background-color:#fff; color:#fff\" target=\"_blank\"><span class=\"shariff-icon\" style=\"\"><svg width=\"32px\" height=\"20px\" xmlns=\"http:\/\/www.w3.org\/2000\/svg\" viewBox=\"0 0 11 32\"><path fill=\"#999\" d=\"M11.4 24v2.3q0 0.5-0.3 0.8t-0.8 0.4h-9.1q-0.5 0-0.8-0.4t-0.4-0.8v-2.3q0-0.5 0.4-0.8t0.8-0.4h1.1v-6.8h-1.1q-0.5 0-0.8-0.4t-0.4-0.8v-2.3q0-0.5 0.4-0.8t0.8-0.4h6.8q0.5 0 0.8 0.4t0.4 0.8v10.3h1.1q0.5 0 0.8 0.4t0.3 0.8zM9.2 3.4v3.4q0 0.5-0.4 0.8t-0.8 0.4h-4.6q-0.4 0-0.8-0.4t-0.4-0.8v-3.4q0-0.4 0.4-0.8t0.8-0.4h4.6q0.5 0 0.8 0.4t0.4 0.8z\"\/><\/svg><\/span><\/a><\/li><\/ul><\/div>","protected":false},"excerpt":{"rendered":"<p>Hinter dem Bayerischen Wald war einst der Eiserne Vorhang. Jetzt sind seit 15 Jahren die Grenzen nicht nur offen, sondern fast ganz verschwunden. H\u00fcben und Dr\u00fcben putzt man sich heraus, um gegenseitig den Beitritt Tschechiens in die Europ\u00e4ische Union in bare M\u00fcnze zu verwandeln. Doch nach wie vor gibt es auch \u00c4ngste &#8211; nicht blo\u00df wirtschaftlicher Natur. Auch kulturell haben 50 Jahre Kommunismus die Mauern in den K\u00f6pfen zementiert<\/p>\n","protected":false},"author":1,"featured_media":0,"comment_status":"closed","ping_status":"closed","sticky":false,"template":"","format":"standard","meta":{"ngg_post_thumbnail":0,"_jetpack_memberships_contains_paid_content":false,"footnotes":""},"categories":[15,6,10],"tags":[19,45,41,40],"class_list":["post-146","post","type-post","status-publish","format-standard","hentry","category-bayern4klassik","category-europaischer-dialog","category-goethe-institut","tag-europa","tag-osteuropa","tag-slowakei","tag-tschechien"],"jetpack_featured_media_url":"","jetpack_sharing_enabled":true,"_links":{"self":[{"href":"https:\/\/www.contrapunktonline.de\/content\/wp-json\/wp\/v2\/posts\/146","targetHints":{"allow":["GET"]}}],"collection":[{"href":"https:\/\/www.contrapunktonline.de\/content\/wp-json\/wp\/v2\/posts"}],"about":[{"href":"https:\/\/www.contrapunktonline.de\/content\/wp-json\/wp\/v2\/types\/post"}],"author":[{"embeddable":true,"href":"https:\/\/www.contrapunktonline.de\/content\/wp-json\/wp\/v2\/users\/1"}],"replies":[{"embeddable":true,"href":"https:\/\/www.contrapunktonline.de\/content\/wp-json\/wp\/v2\/comments?post=146"}],"version-history":[{"count":2,"href":"https:\/\/www.contrapunktonline.de\/content\/wp-json\/wp\/v2\/posts\/146\/revisions"}],"predecessor-version":[{"id":169,"href":"https:\/\/www.contrapunktonline.de\/content\/wp-json\/wp\/v2\/posts\/146\/revisions\/169"}],"wp:attachment":[{"href":"https:\/\/www.contrapunktonline.de\/content\/wp-json\/wp\/v2\/media?parent=146"}],"wp:term":[{"taxonomy":"category","embeddable":true,"href":"https:\/\/www.contrapunktonline.de\/content\/wp-json\/wp\/v2\/categories?post=146"},{"taxonomy":"post_tag","embeddable":true,"href":"https:\/\/www.contrapunktonline.de\/content\/wp-json\/wp\/v2\/tags?post=146"}],"curies":[{"name":"wp","href":"https:\/\/api.w.org\/{rel}","templated":true}]}}