{"id":217,"date":"2002-06-16T22:06:20","date_gmt":"2002-06-16T22:06:20","guid":{"rendered":"http:\/\/www.contrapunktonline.de\/content\/?p=217"},"modified":"2012-03-12T08:38:55","modified_gmt":"2012-03-12T08:38:55","slug":"06-biotop-weltmusik-ideologietransport-wertevermarktung","status":"publish","type":"post","link":"https:\/\/www.contrapunktonline.de\/content\/06-biotop-weltmusik-ideologietransport-wertevermarktung\/","title":{"rendered":"06 \u2013 Biotop Weltmusik: Ideologietransport .\/. Wertevermarktung"},"content":{"rendered":"<div id=\"attachment_223\" style=\"width: 310px\" class=\"wp-caption alignright\"><a href=\"http:\/\/www.contrapunktonline.de\/content\/wp-content\/uploads\/2012\/03\/totale.jpg\"><img loading=\"lazy\" decoding=\"async\" aria-describedby=\"caption-attachment-223\" class=\"size-medium wp-image-223\" title=\"contrapunkt im Goethe-Forum\" src=\"http:\/\/www.contrapunktonline.de\/content\/wp-content\/uploads\/2012\/03\/totale-300x166.jpg\" alt=\"contrapunkt im Goethe-Forum\" width=\"300\" height=\"166\" srcset=\"https:\/\/www.contrapunktonline.de\/content\/wp-content\/uploads\/2012\/03\/totale-300x166.jpg 300w, https:\/\/www.contrapunktonline.de\/content\/wp-content\/uploads\/2012\/03\/totale-200x111.jpg 200w, https:\/\/www.contrapunktonline.de\/content\/wp-content\/uploads\/2012\/03\/totale-270x150.jpg 270w, https:\/\/www.contrapunktonline.de\/content\/wp-content\/uploads\/2012\/03\/totale.jpg 540w\" sizes=\"auto, (max-width: 300px) 100vw, 300px\" \/><\/a><p id=\"caption-attachment-223\" class=\"wp-caption-text\">contrapunkt im Goethe-Forum<\/p><\/div>\n<p><strong>18. Juni 2002 \u2013\u00a0Goethe-Forum M\u00fcnchen<br \/>\n<\/strong>Moderation: Manfred Wagenbreth &amp; Theo Gei\u00dfler<br \/>\nRegie: Hufner\/Lieberwirth; Redaktion: Wolf Loeckle<\/p>\n<p>\u201eSch\u00f6n ist es auf der Welt zu sein, sagt die Biene zu dem Stachelschwein,\u201c reimte es sich einst im Schlager. Die heile Welt (der Musik und Kulturen) findet in der Weltmusik ihre utopische Formulierung. Gegenseitiges Verst\u00e4ndnis und Erfahrungsaustausch \u00fcber nationale Grenzen hinweg sind ihre Mittel und Ziele zugleich. Doch was ist heute noch dran, in Zeiten der globalen Marktkontrolle (auch in der Musik)? Weltmusik unter Ideologieverdacht zwischen \u201eproletarischem Internationalismus\u201c und \u201eimperialistischem Kosmopolitismus\u201c. Ist \u201eWeltmusik\u201c zu einem beliebig bef\u00fcll- und kultivierbaren Biotop in der Plastikwanne verkommen? Die Moderatoren Theo Gei\u00dfler (BR) und Manfred Wagenbreth (MDR) erwarten Sie im Goethe Forum, M\u00fcnchen.<\/p>\n<p>Als G\u00e4ste begr\u00fc\u00dfen wir: den \u00f6sterreichischen Musiker und S\u00e4nger<strong>Hubert von Goisern<\/strong>, den Folkmusiker und profunden Kenner der ostdeutschen Folkszene\u00a0<strong>Jo Meyer\u00a0<\/strong>, die Musikerin und S\u00e4ngerin<strong>Franka Lampe<\/strong>\u00a0sowie den Folk- und Hip-Hop-S\u00e4nger der Gruppe &#8222;Lecker Sachen&#8220;\u00a0<strong>Markus Brachtendorf\u00a0<\/strong>. Die Gruppe\u00a0<strong>Yerewan<\/strong>\u00a0spielt Musik aus den Schluchten des Balkans.<!--more--><\/p>\n<p><strong>26.6.2002 \u2013 20:00 bis 21:00 (Aufzeichnung) \u00a0<\/strong>MDR Kultur (Zusammenschnitt)<\/p>\n<h4>Sendung nachh\u00f6ren:<\/h4>\n<div class=\"powerpress_player\" id=\"powerpress_player_4724\"><audio class=\"wp-audio-shortcode\" id=\"audio-217-1\" preload=\"none\" style=\"width: 100%;\" controls=\"controls\"><source type=\"audio\/mpeg\" src=\"http:\/\/media.blubrry.com\/contrapunkt\/www.contrapunktonline.de\/content\/wp-content\/uploads\/2003\/06\/cp06.mp3?_=1\" \/><a href=\"http:\/\/media.blubrry.com\/contrapunkt\/www.contrapunktonline.de\/content\/wp-content\/uploads\/2003\/06\/cp06.mp3\">http:\/\/media.blubrry.com\/contrapunkt\/www.contrapunktonline.de\/content\/wp-content\/uploads\/2003\/06\/cp06.mp3<\/a><\/audio><\/div>\n<p><strong>Ablauf:<\/strong><\/p>\n<p>1:22\u00a0(1) <strong>Begr\u00fc\u00dfung und Einf\u00fchrung ins Thema<\/strong><\/p>\n<p>11:21 (2) <strong>Vorstellung und Begr\u00fc\u00dfung der G\u00e4ste<\/strong><br \/>\nHubert von Goisern, Jo Meyer, Markus Brachtendorf und Franka Lampe.<\/p>\n<p>3:46 (3) <strong>Live-Musik der Gruppe Yerewan<\/strong><br \/>\nJowe (Arr: Franka Lampe)<br \/>\nFranka Lampe, Akkordeon, Gesang \/ Christian Dawid, Saxophon, Klarinette, Gesang \/ Derek Shirley, Kontrabass \/ Michael Griener, Schlagzeug<\/p>\n<p>14:45 (4) <strong>Erste Gespr\u00e4chsrunde \/ Teil 1:<\/strong><br \/>\nFolk-Szene Ost \/ Folk-Szene West \u2013 Unerf\u00fclltes Fernweh \u2013 \u00d6sterreich und Irland \u2013 Tabubruch an der Volksmusik? \u2013 Widerst\u00e4ndiges \u2013 Ein K\u00f6lner in Irland \u2013 From Punk to Pogues \u2013 Attit\u00fcden-Kopien<\/p>\n<p>15:05 (5) <strong>Erste Gespr\u00e4chsrunde \/ Teil 2:<\/strong><br \/>\nOsteurop\u00e4ische Musik \u2013 Klezmer \u2013 The Beatles \u2013 \u201eDaheim wars mir zu eng\u201c \u2013 Traditionalismus \u2013 Das Fremde \u2013 Das Kulturerbe \u2013 HipHop<\/p>\n<p>5:38 (6) <strong>Live-Musik der Gruppe Yerewan<\/strong><br \/>\nMadro (Arr: Franka Lampe)<br \/>\nFranka Lampe, Akkordeon, Gesang \/ Christian Dawid, Saxophon, Klarinette, Gesang \/ Derek Shirley, Kontrabass \/ Michael Griener, Schlagzeug<\/p>\n<p>10:13 (7) <strong>Grenzg\u00e4nger Hubert von Goisern<\/strong><br \/>\nIntensive Befragung von Hubert von Goisern<\/p>\n<p>6:00 (8) <strong>Live-Musik der Gruppe Yerewan<\/strong><br \/>\nTrojano Slatna Schtva Schne (Arr: Franka Lampe)<br \/>\nFranka Lampe, Akkordeon, Gesang \/ Christian Dawid, Saxophon, Klarinette, Gesang \/ Derek Shirley, Kontrabass \/ Michael Griener, Schlagzeug<\/p>\n<p>15:09 (9) <strong>Zweite Gespr\u00e4chsrunde:<\/strong><br \/>\nWeltmusik und Postmoderne \u2013 Politische Kritik der Weltmusik \u2013 Einbahnstra\u00dfe Weltmusik \u2013 Exotismus<\/p>\n<h4>Fotos (alle Steffen Lieberwirth):<\/h4>\nngg_shortcode_0_placeholder\n<div class=\"shariff shariff-align-left shariff-widget-align-left\"><div class=\"ShariffHeadline\"> <\/div><ul class=\"shariff-buttons theme-default orientation-horizontal buttonsize-medium\"><li class=\"shariff-button bluesky shariff-nocustomcolor\" style=\"background-color:#84c4ff\"><a href=\"https:\/\/bsky.app\/intent\/compose?text=06%20%E2%80%93%20Biotop%20Weltmusik%3A%20Ideologietransport%20.%2F.%20Wertevermarktung https%3A%2F%2Fwww.contrapunktonline.de%2Fcontent%2F06-biotop-weltmusik-ideologietransport-wertevermarktung%2F \" title=\"Bei Bluesky teilen\" aria-label=\"Bei Bluesky teilen\" role=\"button\" rel=\"noopener nofollow\" class=\"shariff-link\" style=\"; background-color:#0085ff; color:#fff\" target=\"_blank\"><span class=\"shariff-icon\" style=\"\"><svg width=\"20\" height=\"20\" version=\"1.1\" xmlns=\"http:\/\/www.w3.org\/2000\/svg\" viewBox=\"0 0 20 20\"><path class=\"st0\" d=\"M4.89,3.12c2.07,1.55,4.3,4.71,5.11,6.4.82-1.69,3.04-4.84,5.11-6.4,1.49-1.12,3.91-1.99,3.91.77,0,.55-.32,4.63-.5,5.3-.64,2.3-2.99,2.89-5.08,2.54,3.65.62,4.58,2.68,2.57,4.74-3.81,3.91-5.48-.98-5.9-2.23-.08-.23-.11-.34-.12-.25,0-.09-.04.02-.12.25-.43,1.25-2.09,6.14-5.9,2.23-2.01-2.06-1.08-4.12,2.57-4.74-2.09.36-4.44-.23-5.08-2.54-.19-.66-.5-4.74-.5-5.3,0-2.76,2.42-1.89,3.91-.77h0Z\"\/><\/svg><\/span><span class=\"shariff-text\">teilen<\/span>&nbsp;<\/a><\/li><li class=\"shariff-button mastodon shariff-nocustomcolor\" style=\"background-color:#563ACC\"><a href=\"https:\/\/s2f.kytta.dev\/?text=06%20%E2%80%93%20Biotop%20Weltmusik%3A%20Ideologietransport%20.%2F.%20Wertevermarktung https%3A%2F%2Fwww.contrapunktonline.de%2Fcontent%2F06-biotop-weltmusik-ideologietransport-wertevermarktung%2F\" title=\"Bei Mastodon teilen\" aria-label=\"Bei Mastodon teilen\" role=\"button\" rel=\"noopener nofollow\" class=\"shariff-link\" style=\"; background-color:#6364FF; color:#fff\" target=\"_blank\"><span class=\"shariff-icon\" style=\"\"><svg width=\"75\" height=\"79\" viewBox=\"0 0 75 79\" fill=\"none\" xmlns=\"http:\/\/www.w3.org\/2000\/svg\"><path d=\"M37.813-.025C32.462-.058 27.114.13 21.79.598c-8.544.621-17.214 5.58-20.203 13.931C-1.12 23.318.408 32.622.465 41.65c.375 7.316.943 14.78 3.392 21.73 4.365 9.465 14.781 14.537 24.782 15.385 7.64.698 15.761-.213 22.517-4.026a54.1 54.1 0 0 0 .01-6.232c-6.855 1.316-14.101 2.609-21.049 1.074-3.883-.88-6.876-4.237-7.25-8.215-1.53-3.988 3.78-.43 5.584-.883 9.048 1.224 18.282.776 27.303-.462 7.044-.837 14.26-4.788 16.65-11.833 2.263-6.135 1.215-12.79 1.698-19.177.06-3.84.09-7.692-.262-11.52C72.596 7.844 63.223.981 53.834.684a219.453 219.453 0 0 0-16.022-.71zm11.294 12.882c5.5-.067 10.801 4.143 11.67 9.653.338 1.48.471 3 .471 4.515v21.088h-8.357c-.07-7.588.153-15.182-.131-22.765-.587-4.368-7.04-5.747-9.672-2.397-2.422 3.04-1.47 7.155-1.67 10.735v6.392h-8.307c-.146-4.996.359-10.045-.404-15.002-1.108-4.218-7.809-5.565-10.094-1.666-1.685 3.046-.712 6.634-.976 9.936v14.767h-8.354c.109-8.165-.238-16.344.215-24.5.674-5.346 5.095-10.389 10.676-10.627 4.902-.739 10.103 2.038 12.053 6.631.375 1.435 1.76 1.932 1.994.084 1.844-3.704 5.501-6.739 9.785-6.771.367-.044.735-.068 1.101-.073z\"\/><defs><linearGradient id=\"paint0_linear_549_34\" x1=\"37.0692\" y1=\"0\" x2=\"37.0692\" y2=\"79\" gradientUnits=\"userSpaceOnUse\"><stop stop-color=\"#6364FF\"\/><stop offset=\"1\" stop-color=\"#563ACC\"\/><\/linearGradient><\/defs><\/svg><\/span><span class=\"shariff-text\">teilen<\/span>&nbsp;<\/a><\/li><li class=\"shariff-button info shariff-nocustomcolor\" style=\"background-color:#eee\"><a href=\"http:\/\/ct.de\/-2467514\" title=\"Weitere Informationen\" aria-label=\"Weitere Informationen\" role=\"button\" rel=\"noopener \" class=\"shariff-link\" style=\"; background-color:#fff; color:#fff\" target=\"_blank\"><span class=\"shariff-icon\" style=\"\"><svg width=\"32px\" height=\"20px\" xmlns=\"http:\/\/www.w3.org\/2000\/svg\" viewBox=\"0 0 11 32\"><path fill=\"#999\" d=\"M11.4 24v2.3q0 0.5-0.3 0.8t-0.8 0.4h-9.1q-0.5 0-0.8-0.4t-0.4-0.8v-2.3q0-0.5 0.4-0.8t0.8-0.4h1.1v-6.8h-1.1q-0.5 0-0.8-0.4t-0.4-0.8v-2.3q0-0.5 0.4-0.8t0.8-0.4h6.8q0.5 0 0.8 0.4t0.4 0.8v10.3h1.1q0.5 0 0.8 0.4t0.3 0.8zM9.2 3.4v3.4q0 0.5-0.4 0.8t-0.8 0.4h-4.6q-0.4 0-0.8-0.4t-0.4-0.8v-3.4q0-0.4 0.4-0.8t0.8-0.4h4.6q0.5 0 0.8 0.4t0.4 0.8z\"\/><\/svg><\/span><\/a><\/li><\/ul><\/div>","protected":false},"excerpt":{"rendered":"<p>\u201eSch\u00f6n ist es auf der Welt zu sein, sagt die Biene zu dem Stachelschwein,\u201c reimte es sich einst im Schlager. Die heile Welt (der Musik und Kulturen) findet in der Weltmusik ihre utopische Formulierung. Gegenseitiges Verst\u00e4ndnis und Erfahrungsaustausch \u00fcber nationale Grenzen hinweg sind ihre Mittel und Ziele zugleich. Doch was ist heute noch dran, in Zeiten der globalen Marktkontrolle (auch in der Musik)? Weltmusik unter Ideologieverdacht zwischen \u201eproletarischem Internationalismus\u201c und \u201eimperialistischem Kosmopolitismus\u201c. Ist \u201eWeltmusik\u201c zu einem beliebig bef\u00fcll- und kultivierbaren Biotop in der Plastikwanne verkommen?<\/p>\n","protected":false},"author":1,"featured_media":0,"comment_status":"closed","ping_status":"closed","sticky":false,"template":"","format":"standard","meta":{"ngg_post_thumbnail":0,"_jetpack_memberships_contains_paid_content":false,"footnotes":""},"categories":[54,10,14,7],"tags":[32,66,65],"class_list":["post-217","post","type-post","status-publish","format-standard","hentry","category-bayern2radio","category-goethe-institut","category-mdr-kultur","category-westostlicher-dialog","tag-deutschland","tag-osterreich","tag-weltmusik"],"jetpack_featured_media_url":"","jetpack_sharing_enabled":true,"_links":{"self":[{"href":"https:\/\/www.contrapunktonline.de\/content\/wp-json\/wp\/v2\/posts\/217","targetHints":{"allow":["GET"]}}],"collection":[{"href":"https:\/\/www.contrapunktonline.de\/content\/wp-json\/wp\/v2\/posts"}],"about":[{"href":"https:\/\/www.contrapunktonline.de\/content\/wp-json\/wp\/v2\/types\/post"}],"author":[{"embeddable":true,"href":"https:\/\/www.contrapunktonline.de\/content\/wp-json\/wp\/v2\/users\/1"}],"replies":[{"embeddable":true,"href":"https:\/\/www.contrapunktonline.de\/content\/wp-json\/wp\/v2\/comments?post=217"}],"version-history":[{"count":6,"href":"https:\/\/www.contrapunktonline.de\/content\/wp-json\/wp\/v2\/posts\/217\/revisions"}],"predecessor-version":[{"id":280,"href":"https:\/\/www.contrapunktonline.de\/content\/wp-json\/wp\/v2\/posts\/217\/revisions\/280"}],"wp:attachment":[{"href":"https:\/\/www.contrapunktonline.de\/content\/wp-json\/wp\/v2\/media?parent=217"}],"wp:term":[{"taxonomy":"category","embeddable":true,"href":"https:\/\/www.contrapunktonline.de\/content\/wp-json\/wp\/v2\/categories?post=217"},{"taxonomy":"post_tag","embeddable":true,"href":"https:\/\/www.contrapunktonline.de\/content\/wp-json\/wp\/v2\/tags?post=217"}],"curies":[{"name":"wp","href":"https:\/\/api.w.org\/{rel}","templated":true}]}}