{"id":229,"date":"2002-10-15T22:26:29","date_gmt":"2002-10-15T22:26:29","guid":{"rendered":"http:\/\/www.contrapunktonline.de\/content\/?p=229"},"modified":"2020-10-01T12:33:37","modified_gmt":"2020-10-01T10:33:37","slug":"07-musikland-deutschland-hochkultur-tiefkultur","status":"publish","type":"post","link":"https:\/\/www.contrapunktonline.de\/content\/07-musikland-deutschland-hochkultur-tiefkultur\/","title":{"rendered":"07 \u2013 Musikland Deutschland: Hochkultur .\/. Tiefkultur"},"content":{"rendered":"<p><strong>15. Oktober 2002 \u2013&nbsp;Goethe-Forum M\u00fcnchen<br \/>\n<\/strong>Moderation: Manfred Wagenbreth &amp; Theo Gei\u00dfler<br \/>\nRegie: Hufner\/Lieberwirth; Redaktion: Wolf Loeckle<\/p>\n<p>Fast einen Monat nach der Bundestagswahl ist auch eine gute Zeit, sich mit der Zukunft des &#8222;Musiklandes Deutschland&#8220; auseinander zu setzen. Auf welchem Weg befindet sich das angeblich kulturelle Hochleistungsland Deutschland, sind in der Entwicklung unserer Musiklandschaft, zw\u00f6lf Jahre nach der Wiedervereinigung, noch Perspektiven zu erkennen? Auch Politiker, die zugleich B\u00fcrger dieses Staates sind und somit doppelte Verantwortung tragen, leben mit Visionen. Wie lassen sich diese Visionen mit einer verantwortungsvollen T\u00e4tigkeit vereinbaren? K\u00f6nnen Erfahrungen aus dem politischen und historischen Vereinigungsprozess zur Entwicklung beitragen?&nbsp;<!--more--><\/p>\n<p>Zu einem streitbaren Dialog, der ebenso Verletzungen wie Hoffnungen der j\u00fcngsten Geschichte zur Sprache bringen mag, kommen im Goethe Forum des Goetheinstituts zusammen:<\/p>\n<ul>\n<li><strong>Monika Griefahn<\/strong>&nbsp;(SPD),<\/li>\n<li><strong>Christian H\u00f6ppner<\/strong>&nbsp;(CDU),<\/li>\n<li><strong>Matthias Sch\u00fcssler<\/strong>&nbsp;(FDP),<\/li>\n<li><strong>Luc Jochimsen<\/strong>&nbsp;(PDS),<\/li>\n<li><strong>Wolfgang Ullmann<\/strong>(B\u00fcndnis 90\/Gr\u00fcne)<\/li>\n<li>sowie die B\u00fcrgerrechtlerin und Malerin&nbsp;<strong>B\u00e4rbel Bohley<\/strong>.<\/li>\n<li>Es spielt das&nbsp;<strong>Streichquartett Iturriaga<\/strong>&nbsp;(Leipzig).<\/li>\n<\/ul>\n<p><strong>23. Oktober 2002, 20:00-21:00 &nbsp;<\/strong>auf MDR KULTUR<\/p>\n<h4>Sendung nachh\u00f6ren<\/h4>\n<div class=\"powerpress_player\" id=\"powerpress_player_8042\"><a href=\"http:\/\/media.blubrry.com\/contrapunkt\/www.contrapunktonline.de\/content\/wp-content\/uploads\/2012\/03\/cp07.mp3\" title=\"Play\" onclick=\"return powerpress_embed_html5a('8042','http:\/\/media.blubrry.com\/contrapunkt\/www.contrapunktonline.de\/content\/wp-content\/uploads\/2012\/03\/cp07.mp3');\" target=\"_blank\"><img decoding=\"async\" src=\"http:\/\/www.contrapunktonline.de\/content\/wp-content\/uploads\/powerpress\/play.gif\" title=\"Play\" alt=\"Play\" style=\"border:0;\" \/><\/a><\/div>\n\n<p><strong>Ablauf:<\/strong><\/p>\n<p>1:53 (1) <strong>Begr\u00fc\u00dfung und Einf\u00fchrung ins Thema<\/strong><\/p>\n<p>18:52 (2) <strong>Vorstellung und Begr\u00fc\u00dfung der G\u00e4ste<\/strong><br \/>\nMonika Griefahn, Christian H\u00f6ppner, Wolfgang Ullmann, Matthias Sch\u00fcssler, Luc Jochimsen und B\u00e4rbel Bohley<\/p>\n<p>7:52 (3) <strong>Live-Musik des Iturriaga Quartetts<\/strong><br \/>\nJoseph Haydn: Streichquartett op.76\/3, Zweiter Satz, Poco adagio. Cantabile<br \/>\nAitzol Iturriagagoitia, 1. Violine \/ Iokine Iturriagagoitia, 2. Violine \/ Katia Stodtmeier, Viola \/ Rebekka Riedel, Violoncello<\/p>\n<p>21:25 (4) <strong>Erste Gespr\u00e4chsrunde:<\/strong><br \/>\nNationalhymne und kulturelles Erbe \u00b7 &#8222;Was f\u00fcr ein elendes Volk sind wir&#8220; \u2013 Gebrochenes Verh\u00e4ltnis zur Nation \u2013 Trennung ist auch Teil des Erbes \u2013 &#8222;Streit \u00e4sthetisch austragen&#8220; \u2013 noch einmal die Nationalhymne<\/p>\n<p>3:47 (5) <strong>Live-Musik des Iturriaga Quartetts<\/strong><br \/>\nG\u00fcnther Raphael: Streichquartett op. 9, C-Dur, Pr\u00e4ludium<br \/>\nAitzol Iturriagagoitia, 1. Violine \/ Iokine Iturriagagoitia, 2. Violine \/ Katia Stodtmeier, Viola \/ Rebekka Riedel, Violoncello<\/p>\n<p>9:56 (6) <strong>Grenzg\u00e4ngerin B\u00e4rbel Bohley<\/strong><br \/>\nIntensive Befragung von B\u00e4rbel Bohley<\/p>\n<p>4:33 (7) <strong>Live-Musik des Iturriaga Quartetts<\/strong><br \/>\nLudwig van Beethoven: Streichquartett op. 18\/2, Scherzo e Trio. Allegro<br \/>\nAitzol Iturriagagoitia, 1. Violine \/ Iokine Iturriagagoitia, 2. Violine \/ Katia Stodtmeier, Viola \/ Rebekka Riedel, Violoncello<\/p>\n<p>15:09 (8) <strong>Zweite Gespr\u00e4chsrunde:<\/strong><br \/>\n&#8222;Auf dem Weg zu einer autistischen Gesellschaft&#8220; \u2013 Verwahrlosung der Kultur \u2013 &#8222;Da sind Sch\u00e4tze, die gehoben werden m\u00fcssen&#8220; \u2013 Kultur als Pflichtaufgabe der Politik verankern \u2013 Kultur wird zur Zierpflanze ge-&#8222;rechnet&#8220; \u2013 &#8222;Kultur ist dazu da, die Leute auf andere Gedanken zu bringen&#8220;<\/p>\n<p>5:59 (9) <strong>Live-Musik des Iturriaga Quartetts<\/strong><br \/>\nIgnace Strasfogel: 1. Streichquartett, Adagio. Allegro (Fuga)<br \/>\nAitzol Iturriagagoitia, 1. Violine \/ Iokine Iturriagagoitia, 2. Violine \/ Katia Stodtmeier, Viola \/ Rebekka Riedel, Violoncello<\/p>\n<h4>Fotos:<\/h4>\nngg_shortcode_0_placeholder\n<div class=\"shariff shariff-align-left shariff-widget-align-left\"><div class=\"ShariffHeadline\"> <\/div><ul class=\"shariff-buttons theme-default orientation-horizontal buttonsize-medium\"><li class=\"shariff-button bluesky shariff-nocustomcolor\" style=\"background-color:#84c4ff\"><a href=\"https:\/\/bsky.app\/intent\/compose?text=07%20%E2%80%93%20Musikland%20Deutschland%3A%20Hochkultur%20.%2F.%20Tiefkultur https%3A%2F%2Fwww.contrapunktonline.de%2Fcontent%2F07-musikland-deutschland-hochkultur-tiefkultur%2F \" title=\"Bei Bluesky teilen\" aria-label=\"Bei Bluesky teilen\" role=\"button\" rel=\"noopener nofollow\" class=\"shariff-link\" style=\"; background-color:#0085ff; color:#fff\" target=\"_blank\"><span class=\"shariff-icon\" style=\"\"><svg width=\"20\" height=\"20\" version=\"1.1\" xmlns=\"http:\/\/www.w3.org\/2000\/svg\" viewBox=\"0 0 20 20\"><path class=\"st0\" d=\"M4.89,3.12c2.07,1.55,4.3,4.71,5.11,6.4.82-1.69,3.04-4.84,5.11-6.4,1.49-1.12,3.91-1.99,3.91.77,0,.55-.32,4.63-.5,5.3-.64,2.3-2.99,2.89-5.08,2.54,3.65.62,4.58,2.68,2.57,4.74-3.81,3.91-5.48-.98-5.9-2.23-.08-.23-.11-.34-.12-.25,0-.09-.04.02-.12.25-.43,1.25-2.09,6.14-5.9,2.23-2.01-2.06-1.08-4.12,2.57-4.74-2.09.36-4.44-.23-5.08-2.54-.19-.66-.5-4.74-.5-5.3,0-2.76,2.42-1.89,3.91-.77h0Z\"\/><\/svg><\/span><span class=\"shariff-text\">teilen<\/span>&nbsp;<\/a><\/li><li class=\"shariff-button mastodon shariff-nocustomcolor\" style=\"background-color:#563ACC\"><a href=\"https:\/\/s2f.kytta.dev\/?text=07%20%E2%80%93%20Musikland%20Deutschland%3A%20Hochkultur%20.%2F.%20Tiefkultur https%3A%2F%2Fwww.contrapunktonline.de%2Fcontent%2F07-musikland-deutschland-hochkultur-tiefkultur%2F\" title=\"Bei Mastodon teilen\" aria-label=\"Bei Mastodon teilen\" role=\"button\" rel=\"noopener nofollow\" class=\"shariff-link\" style=\"; background-color:#6364FF; color:#fff\" target=\"_blank\"><span class=\"shariff-icon\" style=\"\"><svg width=\"75\" height=\"79\" viewBox=\"0 0 75 79\" fill=\"none\" xmlns=\"http:\/\/www.w3.org\/2000\/svg\"><path d=\"M37.813-.025C32.462-.058 27.114.13 21.79.598c-8.544.621-17.214 5.58-20.203 13.931C-1.12 23.318.408 32.622.465 41.65c.375 7.316.943 14.78 3.392 21.73 4.365 9.465 14.781 14.537 24.782 15.385 7.64.698 15.761-.213 22.517-4.026a54.1 54.1 0 0 0 .01-6.232c-6.855 1.316-14.101 2.609-21.049 1.074-3.883-.88-6.876-4.237-7.25-8.215-1.53-3.988 3.78-.43 5.584-.883 9.048 1.224 18.282.776 27.303-.462 7.044-.837 14.26-4.788 16.65-11.833 2.263-6.135 1.215-12.79 1.698-19.177.06-3.84.09-7.692-.262-11.52C72.596 7.844 63.223.981 53.834.684a219.453 219.453 0 0 0-16.022-.71zm11.294 12.882c5.5-.067 10.801 4.143 11.67 9.653.338 1.48.471 3 .471 4.515v21.088h-8.357c-.07-7.588.153-15.182-.131-22.765-.587-4.368-7.04-5.747-9.672-2.397-2.422 3.04-1.47 7.155-1.67 10.735v6.392h-8.307c-.146-4.996.359-10.045-.404-15.002-1.108-4.218-7.809-5.565-10.094-1.666-1.685 3.046-.712 6.634-.976 9.936v14.767h-8.354c.109-8.165-.238-16.344.215-24.5.674-5.346 5.095-10.389 10.676-10.627 4.902-.739 10.103 2.038 12.053 6.631.375 1.435 1.76 1.932 1.994.084 1.844-3.704 5.501-6.739 9.785-6.771.367-.044.735-.068 1.101-.073z\"\/><defs><linearGradient id=\"paint0_linear_549_34\" x1=\"37.0692\" y1=\"0\" x2=\"37.0692\" y2=\"79\" gradientUnits=\"userSpaceOnUse\"><stop stop-color=\"#6364FF\"\/><stop offset=\"1\" stop-color=\"#563ACC\"\/><\/linearGradient><\/defs><\/svg><\/span><span class=\"shariff-text\">teilen<\/span>&nbsp;<\/a><\/li><li class=\"shariff-button info shariff-nocustomcolor\" style=\"background-color:#eee\"><a href=\"http:\/\/ct.de\/-2467514\" title=\"Weitere Informationen\" aria-label=\"Weitere Informationen\" role=\"button\" rel=\"noopener \" class=\"shariff-link\" style=\"; background-color:#fff; color:#fff\" target=\"_blank\"><span class=\"shariff-icon\" style=\"\"><svg width=\"32px\" height=\"20px\" xmlns=\"http:\/\/www.w3.org\/2000\/svg\" viewBox=\"0 0 11 32\"><path fill=\"#999\" d=\"M11.4 24v2.3q0 0.5-0.3 0.8t-0.8 0.4h-9.1q-0.5 0-0.8-0.4t-0.4-0.8v-2.3q0-0.5 0.4-0.8t0.8-0.4h1.1v-6.8h-1.1q-0.5 0-0.8-0.4t-0.4-0.8v-2.3q0-0.5 0.4-0.8t0.8-0.4h6.8q0.5 0 0.8 0.4t0.4 0.8v10.3h1.1q0.5 0 0.8 0.4t0.3 0.8zM9.2 3.4v3.4q0 0.5-0.4 0.8t-0.8 0.4h-4.6q-0.4 0-0.8-0.4t-0.4-0.8v-3.4q0-0.4 0.4-0.8t0.8-0.4h4.6q0.5 0 0.8 0.4t0.4 0.8z\"\/><\/svg><\/span><\/a><\/li><\/ul><\/div>","protected":false},"excerpt":{"rendered":"<p>Fast einen Monat nach der Bundestagswahl ist auch eine gute Zeit, sich mit der Zukunft des &#8222;Musiklandes Deutschland&#8220; auseinander zu setzen. Auf welchem Weg befindet sich das angeblich kulturelle Hochleistungsland Deutschland, sind in der Entwicklung unserer Musiklandschaft, zw\u00f6lf Jahre nach der Wiedervereinigung, noch Perspektiven zu erkennen?<\/p>\n","protected":false},"author":1,"featured_media":656,"comment_status":"closed","ping_status":"closed","sticky":false,"template":"","format":"standard","meta":{"ngg_post_thumbnail":0,"_jetpack_memberships_contains_paid_content":false,"footnotes":""},"categories":[54,10,14,7],"tags":[68,32,67,64,69],"class_list":["post-229","post","type-post","status-publish","format-standard","has-post-thumbnail","hentry","category-bayern2radio","category-goethe-institut","category-mdr-kultur","category-westostlicher-dialog","tag-burcherrechtler","tag-deutschland","tag-musikpolitik","tag-politik","tag-wahlen"],"jetpack_featured_media_url":"https:\/\/www.contrapunktonline.de\/content\/wp-content\/uploads\/2020\/10\/nggallery_import\/itt-4.jpg","jetpack_sharing_enabled":true,"_links":{"self":[{"href":"https:\/\/www.contrapunktonline.de\/content\/wp-json\/wp\/v2\/posts\/229","targetHints":{"allow":["GET"]}}],"collection":[{"href":"https:\/\/www.contrapunktonline.de\/content\/wp-json\/wp\/v2\/posts"}],"about":[{"href":"https:\/\/www.contrapunktonline.de\/content\/wp-json\/wp\/v2\/types\/post"}],"author":[{"embeddable":true,"href":"https:\/\/www.contrapunktonline.de\/content\/wp-json\/wp\/v2\/users\/1"}],"replies":[{"embeddable":true,"href":"https:\/\/www.contrapunktonline.de\/content\/wp-json\/wp\/v2\/comments?post=229"}],"version-history":[{"count":9,"href":"https:\/\/www.contrapunktonline.de\/content\/wp-json\/wp\/v2\/posts\/229\/revisions"}],"predecessor-version":[{"id":658,"href":"https:\/\/www.contrapunktonline.de\/content\/wp-json\/wp\/v2\/posts\/229\/revisions\/658"}],"wp:featuredmedia":[{"embeddable":true,"href":"https:\/\/www.contrapunktonline.de\/content\/wp-json\/wp\/v2\/media\/656"}],"wp:attachment":[{"href":"https:\/\/www.contrapunktonline.de\/content\/wp-json\/wp\/v2\/media?parent=229"}],"wp:term":[{"taxonomy":"category","embeddable":true,"href":"https:\/\/www.contrapunktonline.de\/content\/wp-json\/wp\/v2\/categories?post=229"},{"taxonomy":"post_tag","embeddable":true,"href":"https:\/\/www.contrapunktonline.de\/content\/wp-json\/wp\/v2\/tags?post=229"}],"curies":[{"name":"wp","href":"https:\/\/api.w.org\/{rel}","templated":true}]}}