{"id":234,"date":"2002-12-17T22:36:13","date_gmt":"2002-12-17T22:36:13","guid":{"rendered":"http:\/\/www.contrapunktonline.de\/content\/?p=234"},"modified":"2012-03-13T12:06:20","modified_gmt":"2012-03-13T11:06:20","slug":"09-kindermusik-pumuckl-pittiplatsch","status":"publish","type":"post","link":"https:\/\/www.contrapunktonline.de\/content\/09-kindermusik-pumuckl-pittiplatsch\/","title":{"rendered":"09 \u2013 Kindermusik: Pumuckl .\/. Pittiplatsch"},"content":{"rendered":"<div id=\"attachment_235\" style=\"width: 310px\" class=\"wp-caption alignright\"><a href=\"http:\/\/www.contrapunktonline.de\/content\/wp-content\/uploads\/2012\/03\/runde.jpg\"><img loading=\"lazy\" decoding=\"async\" aria-describedby=\"caption-attachment-235\" class=\"size-medium wp-image-235\" title=\"contrapunkt 9 - kindermusik\" src=\"http:\/\/www.contrapunktonline.de\/content\/wp-content\/uploads\/2012\/03\/runde-300x252.jpg\" alt=\"contrapunkt 9 - kindermusik\" width=\"300\" height=\"252\" srcset=\"https:\/\/www.contrapunktonline.de\/content\/wp-content\/uploads\/2012\/03\/runde-300x252.jpg 300w, https:\/\/www.contrapunktonline.de\/content\/wp-content\/uploads\/2012\/03\/runde-237x200.jpg 237w, https:\/\/www.contrapunktonline.de\/content\/wp-content\/uploads\/2012\/03\/runde-200x168.jpg 200w, https:\/\/www.contrapunktonline.de\/content\/wp-content\/uploads\/2012\/03\/runde-178x150.jpg 178w, https:\/\/www.contrapunktonline.de\/content\/wp-content\/uploads\/2012\/03\/runde.jpg 690w\" sizes=\"auto, (max-width: 300px) 100vw, 300px\" \/><\/a><p id=\"caption-attachment-235\" class=\"wp-caption-text\">contrapunkt 9 - kindermusik<\/p><\/div>\n<p><strong>17. Dezember 2002 \u2013\u00a0Goethe-Forum M\u00fcnchen<br \/>\n<\/strong>Moderation: Manfred Wagenbreth &amp; Theo Gei\u00dfler<br \/>\nRegie: Hufner\/Lieberwirth; Redaktion: Wolf Loeckle<\/p>\n<p>\u201eIhr Kinderlein kommet, so kommet doch all&#8220;, so schallt es allweihnachtlich in deutschen Kinderstuben. Nicht weniger frohlockend klingt es den Kindern aus Ost und West entgegen, wenn spezielle Liedermacher Musik f\u00fcr Kinder machen.<\/p>\n<p>Handelt es sich bei dieser Kinder-Musik um ein hamelndes Rattenfangen mit lieblichen Fl\u00f6tent\u00f6nen \u2013 oder gar um Anpassungsmusik f\u00fcr kindliche Fantasie an entsprechende gesellschaftliche Notwendigkeiten? Wo und wie ist Kindermusik m\u00f6glich? Ist \u201eBro\u2019Sis&#8220; und \u201eNo Angels&#8220; noch etwas entgegen zu setzen, nicht nur zur Weihnachtszeit?\u00a0<!--more--><\/p>\n<p>\u00dcber diese und ganz andere Fragen unterhalten sich im Goethe-Forum, anl\u00e4sslich der neunten Ausgabe von \u201econtrapunkt. west\u00f6stlicher dialog&#8220; die Moderatoren\u00a0<strong>Theo Gei\u00dfler<\/strong>\u00a0(BR, nmz)\u00a0und\u00a0<strong>Manfred Wagenbreth<\/strong>\u00a0(MDR KULTUR)\u00a0\u00a0mit den \u201eKindermusikern&#8220;\u00a0<strong>Rolf Zuckowski<\/strong>\u00a0(West) und\u00a0<strong>Gerhard Sch\u00f6ne<\/strong>(Ost) sowie mit den \u201eKinderwissenschaftlern&#8220;\u00a0<strong>Michael Dartsch<\/strong>(West) und\u00a0<strong>Ulrich Marckardt<\/strong>\u00a0(Ost).<\/p>\n<p>Live-Musik gibt\u2019s von Rolf Zuckowski und Gerhard Sch\u00f6ne h\u00f6chstpers\u00f6nlich.<\/p>\n<h4>Sendung nachh\u00f6ren<\/h4>\n<div class=\"powerpress_player\" id=\"powerpress_player_3444\"><a href=\"http:\/\/media.blubrry.com\/contrapunkt\/www.contrapunktonline.de\/content\/wp-content\/uploads\/2012\/03\/cp09.mp3\" title=\"Play\" onclick=\"return powerpress_embed_html5a('3444','http:\/\/media.blubrry.com\/contrapunkt\/www.contrapunktonline.de\/content\/wp-content\/uploads\/2012\/03\/cp09.mp3');\" target=\"_blank\"><img decoding=\"async\" src=\"http:\/\/www.contrapunktonline.de\/content\/wp-content\/uploads\/powerpress\/play.gif\" title=\"Play\" alt=\"Play\" style=\"border:0;\" \/><\/a><\/div>\n\n<p>Ablauf:<\/p>\n<p>1:32 (1)<strong> Begr\u00fc\u00dfung und Einf\u00fchrung ins Thema<\/strong><br \/>\nKoboldmusik &#8230;<\/p>\n<p>9:51 (2) <strong>Vorstellung und Begr\u00fc\u00dfung der G\u00e4ste<\/strong><br \/>\nUlrich Marckardt, Michael Dartsch, Gerhard Sch\u00f6ne und Rolf Zuckowski<\/p>\n<p>2:34 (3) <strong>Live-Musik von Rolf Zuckowski<\/strong><br \/>\n\u201ePapa, bist du m\u00fcde\u201c<\/p>\n<p>35:04 (4) <strong>Erste Gespr\u00e4chsrunde:<\/strong><br \/>\nPers\u00f6nliche Erfahrungen mit Musik in der Kindheit \u2013 Pioniere und Wandersm\u00e4nner \u2013 Authentizit\u00e4t \u2013 Singen \u2013 Volkslied \u2013 60er Jahre: Neues Bild der Jugend \u2013 Didaktik, Schulb\u00fccher: \u201eWerden die Kinder Deine Lieder singen m\u00fcssen\u201c<\/p>\n<p>2:35 (5) <strong>Live-Musik von Gerhard Sch\u00f6ne<\/strong><br \/>\n\u201eWas macht Frau Schmidt im Winter?\u201c<\/p>\n<p>15:08 (6) <strong>Grenzg\u00e4nger Ulrich Marckardt<\/strong><br \/>\nIntensive Befragung von Ulrich Marckardt<\/p>\n<p>3:20 (7) <strong>Live-Musik mit Rolf Zuckowski und Gerhard Sch\u00f6ne<\/strong><br \/>\n\u201eWeihnachtsb\u00e4ckerei\u201c<\/p>\n<p>18:36 (8) <strong>Zweite Gespr\u00e4chsrunde:<\/strong><br \/>\nHiphop f\u00fcr Kinder \u2013 Musikindustrie\/Kinderindustrie \u2013 Perfektions .\/. Spontaneit\u00e4t \u2013 Ein Selbstversuch mit den Zuh\u00f6rern \u2013 \u201eWie sch\u00f6n, dass Du keine Kassette bist\u201c<\/p>\n<p>3:07 (9) <strong>Absage und Live-Musik mit Rolf Zuckowski und Gerhard Sch\u00f6ne<\/strong><br \/>\n\u201eHol&#8216; die Lampe Jeanette Isabelle\u201c<\/p>\n<h4>Fotos:<\/h4>\nngg_shortcode_0_placeholder\n<div class=\"shariff shariff-align-left shariff-widget-align-left\"><div class=\"ShariffHeadline\"> <\/div><ul class=\"shariff-buttons theme-default orientation-horizontal buttonsize-medium\"><li class=\"shariff-button bluesky shariff-nocustomcolor\" style=\"background-color:#84c4ff\"><a href=\"https:\/\/bsky.app\/intent\/compose?text=09%20%E2%80%93%20Kindermusik%3A%20Pumuckl%20.%2F.%20Pittiplatsch https%3A%2F%2Fwww.contrapunktonline.de%2Fcontent%2F09-kindermusik-pumuckl-pittiplatsch%2F \" title=\"Bei Bluesky teilen\" aria-label=\"Bei Bluesky teilen\" role=\"button\" rel=\"noopener nofollow\" class=\"shariff-link\" style=\"; background-color:#0085ff; color:#fff\" target=\"_blank\"><span class=\"shariff-icon\" style=\"\"><svg width=\"20\" height=\"20\" version=\"1.1\" xmlns=\"http:\/\/www.w3.org\/2000\/svg\" viewBox=\"0 0 20 20\"><path class=\"st0\" d=\"M4.89,3.12c2.07,1.55,4.3,4.71,5.11,6.4.82-1.69,3.04-4.84,5.11-6.4,1.49-1.12,3.91-1.99,3.91.77,0,.55-.32,4.63-.5,5.3-.64,2.3-2.99,2.89-5.08,2.54,3.65.62,4.58,2.68,2.57,4.74-3.81,3.91-5.48-.98-5.9-2.23-.08-.23-.11-.34-.12-.25,0-.09-.04.02-.12.25-.43,1.25-2.09,6.14-5.9,2.23-2.01-2.06-1.08-4.12,2.57-4.74-2.09.36-4.44-.23-5.08-2.54-.19-.66-.5-4.74-.5-5.3,0-2.76,2.42-1.89,3.91-.77h0Z\"\/><\/svg><\/span><span class=\"shariff-text\">teilen<\/span>&nbsp;<\/a><\/li><li class=\"shariff-button mastodon shariff-nocustomcolor\" style=\"background-color:#563ACC\"><a href=\"https:\/\/s2f.kytta.dev\/?text=09%20%E2%80%93%20Kindermusik%3A%20Pumuckl%20.%2F.%20Pittiplatsch https%3A%2F%2Fwww.contrapunktonline.de%2Fcontent%2F09-kindermusik-pumuckl-pittiplatsch%2F\" title=\"Bei Mastodon teilen\" aria-label=\"Bei Mastodon teilen\" role=\"button\" rel=\"noopener nofollow\" class=\"shariff-link\" style=\"; background-color:#6364FF; color:#fff\" target=\"_blank\"><span class=\"shariff-icon\" style=\"\"><svg width=\"75\" height=\"79\" viewBox=\"0 0 75 79\" fill=\"none\" xmlns=\"http:\/\/www.w3.org\/2000\/svg\"><path d=\"M37.813-.025C32.462-.058 27.114.13 21.79.598c-8.544.621-17.214 5.58-20.203 13.931C-1.12 23.318.408 32.622.465 41.65c.375 7.316.943 14.78 3.392 21.73 4.365 9.465 14.781 14.537 24.782 15.385 7.64.698 15.761-.213 22.517-4.026a54.1 54.1 0 0 0 .01-6.232c-6.855 1.316-14.101 2.609-21.049 1.074-3.883-.88-6.876-4.237-7.25-8.215-1.53-3.988 3.78-.43 5.584-.883 9.048 1.224 18.282.776 27.303-.462 7.044-.837 14.26-4.788 16.65-11.833 2.263-6.135 1.215-12.79 1.698-19.177.06-3.84.09-7.692-.262-11.52C72.596 7.844 63.223.981 53.834.684a219.453 219.453 0 0 0-16.022-.71zm11.294 12.882c5.5-.067 10.801 4.143 11.67 9.653.338 1.48.471 3 .471 4.515v21.088h-8.357c-.07-7.588.153-15.182-.131-22.765-.587-4.368-7.04-5.747-9.672-2.397-2.422 3.04-1.47 7.155-1.67 10.735v6.392h-8.307c-.146-4.996.359-10.045-.404-15.002-1.108-4.218-7.809-5.565-10.094-1.666-1.685 3.046-.712 6.634-.976 9.936v14.767h-8.354c.109-8.165-.238-16.344.215-24.5.674-5.346 5.095-10.389 10.676-10.627 4.902-.739 10.103 2.038 12.053 6.631.375 1.435 1.76 1.932 1.994.084 1.844-3.704 5.501-6.739 9.785-6.771.367-.044.735-.068 1.101-.073z\"\/><defs><linearGradient id=\"paint0_linear_549_34\" x1=\"37.0692\" y1=\"0\" x2=\"37.0692\" y2=\"79\" gradientUnits=\"userSpaceOnUse\"><stop stop-color=\"#6364FF\"\/><stop offset=\"1\" stop-color=\"#563ACC\"\/><\/linearGradient><\/defs><\/svg><\/span><span class=\"shariff-text\">teilen<\/span>&nbsp;<\/a><\/li><li class=\"shariff-button info shariff-nocustomcolor\" style=\"background-color:#eee\"><a href=\"http:\/\/ct.de\/-2467514\" title=\"Weitere Informationen\" aria-label=\"Weitere Informationen\" role=\"button\" rel=\"noopener \" class=\"shariff-link\" style=\"; background-color:#fff; color:#fff\" target=\"_blank\"><span class=\"shariff-icon\" style=\"\"><svg width=\"32px\" height=\"20px\" xmlns=\"http:\/\/www.w3.org\/2000\/svg\" viewBox=\"0 0 11 32\"><path fill=\"#999\" d=\"M11.4 24v2.3q0 0.5-0.3 0.8t-0.8 0.4h-9.1q-0.5 0-0.8-0.4t-0.4-0.8v-2.3q0-0.5 0.4-0.8t0.8-0.4h1.1v-6.8h-1.1q-0.5 0-0.8-0.4t-0.4-0.8v-2.3q0-0.5 0.4-0.8t0.8-0.4h6.8q0.5 0 0.8 0.4t0.4 0.8v10.3h1.1q0.5 0 0.8 0.4t0.3 0.8zM9.2 3.4v3.4q0 0.5-0.4 0.8t-0.8 0.4h-4.6q-0.4 0-0.8-0.4t-0.4-0.8v-3.4q0-0.4 0.4-0.8t0.8-0.4h4.6q0.5 0 0.8 0.4t0.4 0.8z\"\/><\/svg><\/span><\/a><\/li><\/ul><\/div>","protected":false},"excerpt":{"rendered":"<p>17. Dezember 2002 \u2013\u00a0Goethe-Forum M\u00fcnchen Moderation: Manfred Wagenbreth &amp; Theo Gei\u00dfler Regie: Hufner\/Lieberwirth; Redaktion: Wolf Loeckle \u201eIhr Kinderlein kommet, so kommet doch all&#8220;, so schallt es allweihnachtlich in deutschen Kinderstuben. Nicht weniger frohlockend klingt&#46;&#46;&#46;<\/p>\n","protected":false},"author":1,"featured_media":0,"comment_status":"closed","ping_status":"closed","sticky":false,"template":"","format":"standard","meta":{"ngg_post_thumbnail":0,"_jetpack_memberships_contains_paid_content":false,"footnotes":""},"categories":[11,54,14,7],"tags":[32,63,70],"class_list":["post-234","post","type-post","status-publish","format-standard","hentry","category-bayerischer-bahnhof-leipzig","category-bayern2radio","category-mdr-kultur","category-westostlicher-dialog","tag-deutschland","tag-liedermacher","tag-musikpadagogik"],"jetpack_featured_media_url":"","jetpack_sharing_enabled":true,"_links":{"self":[{"href":"https:\/\/www.contrapunktonline.de\/content\/wp-json\/wp\/v2\/posts\/234","targetHints":{"allow":["GET"]}}],"collection":[{"href":"https:\/\/www.contrapunktonline.de\/content\/wp-json\/wp\/v2\/posts"}],"about":[{"href":"https:\/\/www.contrapunktonline.de\/content\/wp-json\/wp\/v2\/types\/post"}],"author":[{"embeddable":true,"href":"https:\/\/www.contrapunktonline.de\/content\/wp-json\/wp\/v2\/users\/1"}],"replies":[{"embeddable":true,"href":"https:\/\/www.contrapunktonline.de\/content\/wp-json\/wp\/v2\/comments?post=234"}],"version-history":[{"count":5,"href":"https:\/\/www.contrapunktonline.de\/content\/wp-json\/wp\/v2\/posts\/234\/revisions"}],"predecessor-version":[{"id":370,"href":"https:\/\/www.contrapunktonline.de\/content\/wp-json\/wp\/v2\/posts\/234\/revisions\/370"}],"wp:attachment":[{"href":"https:\/\/www.contrapunktonline.de\/content\/wp-json\/wp\/v2\/media?parent=234"}],"wp:term":[{"taxonomy":"category","embeddable":true,"href":"https:\/\/www.contrapunktonline.de\/content\/wp-json\/wp\/v2\/categories?post=234"},{"taxonomy":"post_tag","embeddable":true,"href":"https:\/\/www.contrapunktonline.de\/content\/wp-json\/wp\/v2\/tags?post=234"}],"curies":[{"name":"wp","href":"https:\/\/api.w.org\/{rel}","templated":true}]}}