{"id":284,"date":"2003-06-17T22:41:28","date_gmt":"2003-06-17T22:41:28","guid":{"rendered":"http:\/\/www.contrapunktonline.de\/content\/?p=284"},"modified":"2012-03-13T12:05:59","modified_gmt":"2012-03-13T11:05:59","slug":"15-weimarer-dreieck-kraftfeld-achse","status":"publish","type":"post","link":"https:\/\/www.contrapunktonline.de\/content\/15-weimarer-dreieck-kraftfeld-achse\/","title":{"rendered":"15 \u2013 Weimarer Dreieck. Kraftfeld .\/. Achse"},"content":{"rendered":"<div id=\"attachment_287\" style=\"width: 310px\" class=\"wp-caption alignright\"><a href=\"http:\/\/www.contrapunktonline.de\/content\/wp-content\/uploads\/2012\/03\/runde1.jpg\"><img loading=\"lazy\" decoding=\"async\" aria-describedby=\"caption-attachment-287\" class=\"size-medium wp-image-287\" title=\"Podium contrapunkt 15\" src=\"http:\/\/www.contrapunktonline.de\/content\/wp-content\/uploads\/2012\/03\/runde1-300x224.jpg\" alt=\"Podium contrapunkt 15\" width=\"300\" height=\"224\" srcset=\"https:\/\/www.contrapunktonline.de\/content\/wp-content\/uploads\/2012\/03\/runde1-300x224.jpg 300w, https:\/\/www.contrapunktonline.de\/content\/wp-content\/uploads\/2012\/03\/runde1-266x200.jpg 266w, https:\/\/www.contrapunktonline.de\/content\/wp-content\/uploads\/2012\/03\/runde1-200x150.jpg 200w, https:\/\/www.contrapunktonline.de\/content\/wp-content\/uploads\/2012\/03\/runde1.jpg 650w\" sizes=\"auto, (max-width: 300px) 100vw, 300px\" \/><\/a><p id=\"caption-attachment-287\" class=\"wp-caption-text\">Podium contrapunkt 15<\/p><\/div>\n<p><strong><strong>17. Juni 2003<\/strong>\u00a0\u2013 Bayerischer Bahnhof Leipzig<br \/>\n<\/strong>Moderation: Manfred Wegenbreth &amp; Theo Gei\u00dfle<br \/>\nRegie: Bleisteiner\/Lieberwirth \u2013 Redaktion: Wolf Loeckle<\/p>\n<p>Am Ende des vergangenen Jahrhunderts, genau vor zw\u00f6lf Jahren, trafen die Au\u00dfenminister Deutschlands, Frankreichs und Polens in der sch\u00f6nen Stadt Weimar eine Verabredung. Zu einer Zeit, als die Erweiterung der Europ\u00e4ischen Union nicht mehr als eine politische Idee war, gr\u00fcndeten sie das Weimarer Dreieck. Die drei L\u00e4ndern wollten im europ\u00e4ischen Vereinigungsprozess eine zentrale Rolle \u00fcbernehmen. Wegweisend wollten sie besonders in der Jugendbildung oder auf kulturellem Gebiet zusammenarbeiten.<\/p>\n<p>Was ist aus dieser Verabredung geworden? Ist aus dem gleichseitigen Dreieck Warschau \u2013 Weimar \u2013 Paris etwa ein gleichschenkliges geworden, kurz vor dem Beitritt Polens zur Europ\u00e4ischen Union? Haben wir gelernt, uns besser zu verstehen; sind die kulturellen Beziehungen enger geworden? Und kann Musik ein Indikator im Prozess des Kennenlernens sein? Diesen Fragen stellen sich die Moderatoren\u00a0<strong>Theo Gei\u00dfler<\/strong>\u00a0(BR) und\u00a0<strong>Manfred Wagenbreth<\/strong>\u00a0(MDR) gemeinsam mit der Chefin des Polnischen Instituts Berlin,\u00a0<strong>Joanna Kiliszek<\/strong>, dem Organisator des Weimarer Kulturstadtjahres,\u00a0<strong>Bernd Kaufmann<\/strong>, der Filmemacherin\u00a0<strong>Helma\u00a0<\/strong><strong>Sanders-Brahms<\/strong>\u00a0und der franz\u00f6sischen S\u00e4ngerin\u00a0<strong>Corinne Douarre<\/strong>. F\u00fcr Live-Musik sorgen\u00a0<strong>Corinne Douarre und ihre Band<\/strong>.<!--more--><\/p>\n<p><strong>25. Juni 2003 \u2013 20.00 \u2013 21.00 Uhr \u2013\u00a0<\/strong>auf MDR KULTUR<\/p>\n<h4>Sendung nachh\u00f6ren<\/h4>\n<div class=\"powerpress_player\" id=\"powerpress_player_5207\"><a href=\"http:\/\/media.blubrry.com\/contrapunkt\/www.contrapunktonline.de\/content\/wp-content\/uploads\/2012\/03\/cp15.mp3\" title=\"Play\" onclick=\"return powerpress_embed_html5a('5207','http:\/\/media.blubrry.com\/contrapunkt\/www.contrapunktonline.de\/content\/wp-content\/uploads\/2012\/03\/cp15.mp3');\" target=\"_blank\"><img decoding=\"async\" src=\"http:\/\/www.contrapunktonline.de\/content\/wp-content\/uploads\/powerpress\/play.gif\" title=\"Play\" alt=\"Play\" style=\"border:0;\" \/><\/a><\/div>\n\n<p><strong>Ablauf:<\/strong><\/p>\n<p>2:05 (1) <strong>Einf\u00fchrung ins Thema<\/strong><br \/>\nManfred Wagenbreth und Theo Gei\u00dfler umrei\u00dfen das Thema<\/p>\n<p>13:40 (2) <strong>Vorstellung der Gespr\u00e4chsteilnehmer<\/strong><br \/>\nCorinne Douarre \u2013 Bernd Kaufmann \u2013 Joanna Kiliszek \u2013 Helma Sanders-Brahms<\/p>\n<p>4:03 (3) <strong>Live-Musik: Berlin Mitte (Corinne Douarre)<\/strong><br \/>\nGespielt von Corinne Douarre (Gesang), Marc Haussmann (Tasten, Electronics) und Torsten Puls (Gitarre)<\/p>\n<p>27:31 (4) <strong>Erste Diskussionsrunde<\/strong><br \/>\nWas ist das Weimarer Dreieck? \u2013 Motivation \u2013 Dreieck gescheitert, nur \u201eVerbalerotik\u201c? \u2013 Nichts passiert? \u2013 Bewusstseinspuffer \u2013 Kulturtourismus \u2013 Kulturboheme \u2013 Der Einfluss der USA<\/p>\n<p>7:00 (5) <strong>Live-Musik: Cool Nageur (Corinne Douarre)<\/strong><br \/>\nGespielt von Corinne Douarre (Gesang), Marc Haussmann (Tasten, Electronics) und Torsten Puls (Gitarre)<\/p>\n<p>12:24 (6)<strong> Grenzg\u00e4ngerin: Helma Sanders-Brahms, befragt<\/strong><br \/>\n68er \u2013 Autorenfilm \u2013 Frankreich \u2013 Emotionen \u2013 Lernprozesse<\/p>\n<p>4:40 (7) <strong>Live-Musik: Grillons (Corinne Douarre)<\/strong><br \/>\nGespielt von Corinne Douarre (Gesang, Kalimba), Marc Haussmann (Tasten, Electronics) und Torsten Puls (Gitarre)<\/p>\n<p>10:21 (8) <strong>Zweite Diskussionsrunde<\/strong><br \/>\nBermuda-Dreieck \u2013 Altes und Neues Europa \u2013 K\u00fcnstler im Dreieck \u2013 Verabschiedung<\/p>\n<p>4:41 (9) <strong>Live-Musik: Ich kann alles sehen (Corinne Douarre)<\/strong><br \/>\nGespielt von Corinne Douarre (Gesang), Marc Haussmann (Tasten, Electronics) und Torsten Puls (Gitarre)<\/p>\n<h4>Fotos:<\/h4>\nngg_shortcode_0_placeholder\n<div class=\"shariff shariff-align-left shariff-widget-align-left\"><div class=\"ShariffHeadline\"> <\/div><ul class=\"shariff-buttons theme-default orientation-horizontal buttonsize-medium\"><li class=\"shariff-button bluesky shariff-nocustomcolor\" style=\"background-color:#84c4ff\"><a href=\"https:\/\/bsky.app\/intent\/compose?text=15%20%E2%80%93%20Weimarer%20Dreieck.%20Kraftfeld%20.%2F.%20Achse https%3A%2F%2Fwww.contrapunktonline.de%2Fcontent%2F15-weimarer-dreieck-kraftfeld-achse%2F \" title=\"Bei Bluesky teilen\" aria-label=\"Bei Bluesky teilen\" role=\"button\" rel=\"noopener nofollow\" class=\"shariff-link\" style=\"; background-color:#0085ff; color:#fff\" target=\"_blank\"><span class=\"shariff-icon\" style=\"\"><svg width=\"20\" height=\"20\" version=\"1.1\" xmlns=\"http:\/\/www.w3.org\/2000\/svg\" viewBox=\"0 0 20 20\"><path class=\"st0\" d=\"M4.89,3.12c2.07,1.55,4.3,4.71,5.11,6.4.82-1.69,3.04-4.84,5.11-6.4,1.49-1.12,3.91-1.99,3.91.77,0,.55-.32,4.63-.5,5.3-.64,2.3-2.99,2.89-5.08,2.54,3.65.62,4.58,2.68,2.57,4.74-3.81,3.91-5.48-.98-5.9-2.23-.08-.23-.11-.34-.12-.25,0-.09-.04.02-.12.25-.43,1.25-2.09,6.14-5.9,2.23-2.01-2.06-1.08-4.12,2.57-4.74-2.09.36-4.44-.23-5.08-2.54-.19-.66-.5-4.74-.5-5.3,0-2.76,2.42-1.89,3.91-.77h0Z\"\/><\/svg><\/span><span class=\"shariff-text\">teilen<\/span>&nbsp;<\/a><\/li><li class=\"shariff-button mastodon shariff-nocustomcolor\" style=\"background-color:#563ACC\"><a href=\"https:\/\/s2f.kytta.dev\/?text=15%20%E2%80%93%20Weimarer%20Dreieck.%20Kraftfeld%20.%2F.%20Achse https%3A%2F%2Fwww.contrapunktonline.de%2Fcontent%2F15-weimarer-dreieck-kraftfeld-achse%2F\" title=\"Bei Mastodon teilen\" aria-label=\"Bei Mastodon teilen\" role=\"button\" rel=\"noopener nofollow\" class=\"shariff-link\" style=\"; background-color:#6364FF; color:#fff\" target=\"_blank\"><span class=\"shariff-icon\" style=\"\"><svg width=\"75\" height=\"79\" viewBox=\"0 0 75 79\" fill=\"none\" xmlns=\"http:\/\/www.w3.org\/2000\/svg\"><path d=\"M37.813-.025C32.462-.058 27.114.13 21.79.598c-8.544.621-17.214 5.58-20.203 13.931C-1.12 23.318.408 32.622.465 41.65c.375 7.316.943 14.78 3.392 21.73 4.365 9.465 14.781 14.537 24.782 15.385 7.64.698 15.761-.213 22.517-4.026a54.1 54.1 0 0 0 .01-6.232c-6.855 1.316-14.101 2.609-21.049 1.074-3.883-.88-6.876-4.237-7.25-8.215-1.53-3.988 3.78-.43 5.584-.883 9.048 1.224 18.282.776 27.303-.462 7.044-.837 14.26-4.788 16.65-11.833 2.263-6.135 1.215-12.79 1.698-19.177.06-3.84.09-7.692-.262-11.52C72.596 7.844 63.223.981 53.834.684a219.453 219.453 0 0 0-16.022-.71zm11.294 12.882c5.5-.067 10.801 4.143 11.67 9.653.338 1.48.471 3 .471 4.515v21.088h-8.357c-.07-7.588.153-15.182-.131-22.765-.587-4.368-7.04-5.747-9.672-2.397-2.422 3.04-1.47 7.155-1.67 10.735v6.392h-8.307c-.146-4.996.359-10.045-.404-15.002-1.108-4.218-7.809-5.565-10.094-1.666-1.685 3.046-.712 6.634-.976 9.936v14.767h-8.354c.109-8.165-.238-16.344.215-24.5.674-5.346 5.095-10.389 10.676-10.627 4.902-.739 10.103 2.038 12.053 6.631.375 1.435 1.76 1.932 1.994.084 1.844-3.704 5.501-6.739 9.785-6.771.367-.044.735-.068 1.101-.073z\"\/><defs><linearGradient id=\"paint0_linear_549_34\" x1=\"37.0692\" y1=\"0\" x2=\"37.0692\" y2=\"79\" gradientUnits=\"userSpaceOnUse\"><stop stop-color=\"#6364FF\"\/><stop offset=\"1\" stop-color=\"#563ACC\"\/><\/linearGradient><\/defs><\/svg><\/span><span class=\"shariff-text\">teilen<\/span>&nbsp;<\/a><\/li><li class=\"shariff-button info shariff-nocustomcolor\" style=\"background-color:#eee\"><a href=\"http:\/\/ct.de\/-2467514\" title=\"Weitere Informationen\" aria-label=\"Weitere Informationen\" role=\"button\" rel=\"noopener \" class=\"shariff-link\" style=\"; background-color:#fff; color:#fff\" target=\"_blank\"><span class=\"shariff-icon\" style=\"\"><svg width=\"32px\" height=\"20px\" xmlns=\"http:\/\/www.w3.org\/2000\/svg\" viewBox=\"0 0 11 32\"><path fill=\"#999\" d=\"M11.4 24v2.3q0 0.5-0.3 0.8t-0.8 0.4h-9.1q-0.5 0-0.8-0.4t-0.4-0.8v-2.3q0-0.5 0.4-0.8t0.8-0.4h1.1v-6.8h-1.1q-0.5 0-0.8-0.4t-0.4-0.8v-2.3q0-0.5 0.4-0.8t0.8-0.4h6.8q0.5 0 0.8 0.4t0.4 0.8v10.3h1.1q0.5 0 0.8 0.4t0.3 0.8zM9.2 3.4v3.4q0 0.5-0.4 0.8t-0.8 0.4h-4.6q-0.4 0-0.8-0.4t-0.4-0.8v-3.4q0-0.4 0.4-0.8t0.8-0.4h4.6q0.5 0 0.8 0.4t0.4 0.8z\"\/><\/svg><\/span><\/a><\/li><\/ul><\/div>","protected":false},"excerpt":{"rendered":"<p>Am Ende des vergangenen Jahrhunderts, genau vor zw\u00f6lf Jahren, trafen die Au\u00dfenminister Deutschlands, Frankreichs und Polens in der sch\u00f6nen Stadt Weimar eine Verabredung. Zu einer Zeit, als die Erweiterung der Europ\u00e4ischen Union nicht mehr als eine politische Idee war, gr\u00fcndeten sie das Weimarer Dreieck. Die drei L\u00e4ndern wollten im europ\u00e4ischen Vereinigungsprozess eine zentrale Rolle \u00fcbernehmen. Wegweisend wollten sie besonders in der Jugendbildung oder auf kulturellem Gebiet zusammenarbeiten. Was ist aus dieser Verabredung geworden?<\/p>\n","protected":false},"author":1,"featured_media":0,"comment_status":"closed","ping_status":"closed","sticky":false,"template":"","format":"standard","meta":{"ngg_post_thumbnail":0,"_jetpack_memberships_contains_paid_content":false,"footnotes":""},"categories":[15,10,14,7],"tags":[32,19,80,38],"class_list":["post-284","post","type-post","status-publish","format-standard","hentry","category-bayern4klassik","category-goethe-institut","category-mdr-kultur","category-westostlicher-dialog","tag-deutschland","tag-europa","tag-frankreich","tag-polen"],"jetpack_featured_media_url":"","jetpack_sharing_enabled":true,"_links":{"self":[{"href":"https:\/\/www.contrapunktonline.de\/content\/wp-json\/wp\/v2\/posts\/284","targetHints":{"allow":["GET"]}}],"collection":[{"href":"https:\/\/www.contrapunktonline.de\/content\/wp-json\/wp\/v2\/posts"}],"about":[{"href":"https:\/\/www.contrapunktonline.de\/content\/wp-json\/wp\/v2\/types\/post"}],"author":[{"embeddable":true,"href":"https:\/\/www.contrapunktonline.de\/content\/wp-json\/wp\/v2\/users\/1"}],"replies":[{"embeddable":true,"href":"https:\/\/www.contrapunktonline.de\/content\/wp-json\/wp\/v2\/comments?post=284"}],"version-history":[{"count":5,"href":"https:\/\/www.contrapunktonline.de\/content\/wp-json\/wp\/v2\/posts\/284\/revisions"}],"predecessor-version":[{"id":369,"href":"https:\/\/www.contrapunktonline.de\/content\/wp-json\/wp\/v2\/posts\/284\/revisions\/369"}],"wp:attachment":[{"href":"https:\/\/www.contrapunktonline.de\/content\/wp-json\/wp\/v2\/media?parent=284"}],"wp:term":[{"taxonomy":"category","embeddable":true,"href":"https:\/\/www.contrapunktonline.de\/content\/wp-json\/wp\/v2\/categories?post=284"},{"taxonomy":"post_tag","embeddable":true,"href":"https:\/\/www.contrapunktonline.de\/content\/wp-json\/wp\/v2\/tags?post=284"}],"curies":[{"name":"wp","href":"https:\/\/api.w.org\/{rel}","templated":true}]}}