{"id":45,"date":"2010-05-27T22:57:44","date_gmt":"2010-05-27T22:57:44","guid":{"rendered":"http:\/\/www.contrapunktonline.de\/content\/?p=45"},"modified":"2012-03-13T14:24:10","modified_gmt":"2012-03-13T13:24:10","slug":"33-finnland-waldgeister-im-hightechland","status":"publish","type":"post","link":"https:\/\/www.contrapunktonline.de\/content\/33-finnland-waldgeister-im-hightechland\/","title":{"rendered":"33 \u2013 Finnland \u2013 Waldgeister im Hightechland?"},"content":{"rendered":"<div id=\"attachment_46\" style=\"width: 310px\" class=\"wp-caption alignright\"><a href=\"http:\/\/www.contrapunktonline.de\/content\/wp-content\/uploads\/2012\/03\/finnland.png\"><img loading=\"lazy\" decoding=\"async\" aria-describedby=\"caption-attachment-46\" class=\"size-medium wp-image-46\" title=\"Flagge Finnland\" src=\"http:\/\/www.contrapunktonline.de\/content\/wp-content\/uploads\/2012\/03\/finnland-300x183.png\" alt=\"Flagge Finnland\" width=\"300\" height=\"183\" srcset=\"https:\/\/www.contrapunktonline.de\/content\/wp-content\/uploads\/2012\/03\/finnland-300x183.png 300w, https:\/\/www.contrapunktonline.de\/content\/wp-content\/uploads\/2012\/03\/finnland-200x122.png 200w, https:\/\/www.contrapunktonline.de\/content\/wp-content\/uploads\/2012\/03\/finnland.png 800w\" sizes=\"auto, (max-width: 300px) 100vw, 300px\" \/><\/a><p id=\"caption-attachment-46\" class=\"wp-caption-text\">Flagge Finnland<\/p><\/div>\n<p><strong>27. Mai 2010 \u2013\u00a0M\u00fcnchen, Goethe-Forum<br \/>\n<\/strong>Moderation: Theo Gei\u00dfler und Frank K\u00e4mpfer<br \/>\nRegie: Werner Bleisteiner \/ Redaktion: Meret Forster<\/p>\n<p>Land der Mittsommer-Sonne, der tausend Seen und der Elche am Stadtrand, aber auch die Heimat von Nokia und der laut PISA im Lesen begabtesten Sch\u00fcler.<\/p>\n<p>In einem Programm mit Film (19.00 Uhr), Musik und Diskussion begeben sich die G\u00e4ste auf Spurensuche vor allem in der Musik.<\/p>\n<p>Eine Kooperation vom Bayerischen Rundfunk und dem Goethe-Institut in Zusammenarbeit mit der Finnischen Botschaft Berlin, dem Finnischen Honorarkonsul in M\u00fcnchen und dem Goethe-Institut Finnland.<\/p>\n<p><strong>G\u00e4ste:<\/strong><\/p>\n<ul>\n<li>Erik S\u00f6derblom, Leiter des Helsinki Festivals<\/li>\n<li>Petra Linderoos, Bildungsexpertin<\/li>\n<li>Hannes Saarinen, Professor f\u00fcr Geschichte an der Universit\u00e4t Helsinki und Experte f\u00fcr finnisch-deutsche Beziehungen.<\/li>\n<\/ul>\n<p><strong>Musik:<\/strong><\/p>\n<ul>\n<li>Gitarrist Kalle Kalima<\/li>\n<\/ul>\n<h4>Sendung nachh\u00f6ren:<\/h4>\n<div class=\"powerpress_player\" id=\"powerpress_player_2886\"><a href=\"http:\/\/media.blubrry.com\/contrapunkt\/www.contrapunktonline.de\/content\/wp-content\/uploads\/2010\/05\/cp33.mp3\" title=\"Play\" onclick=\"return powerpress_embed_html5a('2886','http:\/\/media.blubrry.com\/contrapunkt\/www.contrapunktonline.de\/content\/wp-content\/uploads\/2010\/05\/cp33.mp3');\" target=\"_blank\"><img decoding=\"async\" src=\"http:\/\/www.contrapunktonline.de\/content\/wp-content\/uploads\/powerpress\/play.gif\" title=\"Play\" alt=\"Play\" style=\"border:0;\" \/><\/a><\/div>\n\n<h4>Ablauf:<\/h4>\n<p>2:40 (1) <strong>Einf\u00fchrung ins Thema<\/strong><br \/>\nBegr\u00fc\u00dfung: Theo Gei\u00dfler und Frank K\u00e4mpfer stellen das Thema vor.<\/p>\n<p>7:51 (2) <strong>Bericht \u201eFinnland, die musikalische Supermacht?\u201c<\/strong><br \/>\nJochem Wolff \u00fcber Vorurteile und die Tatsachen<\/p>\n<p>6:37 (3) <strong>Vorstellung der G\u00e4ste und Gespr\u00e4ch<\/strong><br \/>\nBegr\u00fc\u00dfung der G\u00e4ste: Petra Linderoos, Hannes Saarinen, Erik S\u00f6derblom. Deutsche Sprache in Finnland \u2013 Typisch finnisch \u2013 Musikalit\u00e4t<\/p>\n<p>17:32 (4) <strong>Diskussion<\/strong><br \/>\nEin musikalischer Impuls \u2013 kommunale Musikkinderg\u00e4rten \u2013 Musik in der Familie \u2013 Musikunterricht in der Schule \u2013 Professionelle Musikausbildung \u2013 Keine festes Gehalt f\u00fcr Komponisten \u2013 Popmusik<\/p>\n<p>3:30 (5) <strong>Live-Musik: Kalle Kalima, Gitarre und Electronics<\/strong><br \/>\nEin St\u00fcck von seiner neuen CD<\/p>\n<p>21:11 (6)<strong> Weitere Diskussionen<\/strong><br \/>\nDie musikalische Identit\u00e4t der Finnen \u2013 Die Verr\u00fccktheit &amp; der Trotz \u2013 Filmkultur \u2013 teilweise europ\u00e4isch \u2013 Nationalismus &amp; Stolz \u2013 Bildungsbewusstsein \u2013 Tango \u2013 Finnland intakt? \u2013 Wohlfahrtsstaat<\/p>\n<p>1:12 (7) <strong>Live-Musik: Kalle Kalima, Gitarre<\/strong><br \/>\nEin weiteres St\u00fcck von seiner neuen CD<\/p>\n<div class=\"shariff shariff-align-left shariff-widget-align-left\"><div class=\"ShariffHeadline\"> <\/div><ul class=\"shariff-buttons theme-default orientation-horizontal buttonsize-medium\"><li class=\"shariff-button bluesky shariff-nocustomcolor\" style=\"background-color:#84c4ff\"><a href=\"https:\/\/bsky.app\/intent\/compose?text=33%20%E2%80%93%20Finnland%20%E2%80%93%20Waldgeister%20im%20Hightechland%3F https%3A%2F%2Fwww.contrapunktonline.de%2Fcontent%2F33-finnland-waldgeister-im-hightechland%2F \" title=\"Bei Bluesky teilen\" aria-label=\"Bei Bluesky teilen\" role=\"button\" rel=\"noopener nofollow\" class=\"shariff-link\" style=\"; background-color:#0085ff; color:#fff\" target=\"_blank\"><span class=\"shariff-icon\" style=\"\"><svg width=\"20\" height=\"20\" version=\"1.1\" xmlns=\"http:\/\/www.w3.org\/2000\/svg\" viewBox=\"0 0 20 20\"><path class=\"st0\" d=\"M4.89,3.12c2.07,1.55,4.3,4.71,5.11,6.4.82-1.69,3.04-4.84,5.11-6.4,1.49-1.12,3.91-1.99,3.91.77,0,.55-.32,4.63-.5,5.3-.64,2.3-2.99,2.89-5.08,2.54,3.65.62,4.58,2.68,2.57,4.74-3.81,3.91-5.48-.98-5.9-2.23-.08-.23-.11-.34-.12-.25,0-.09-.04.02-.12.25-.43,1.25-2.09,6.14-5.9,2.23-2.01-2.06-1.08-4.12,2.57-4.74-2.09.36-4.44-.23-5.08-2.54-.19-.66-.5-4.74-.5-5.3,0-2.76,2.42-1.89,3.91-.77h0Z\"\/><\/svg><\/span><span class=\"shariff-text\">teilen<\/span>&nbsp;<\/a><\/li><li class=\"shariff-button mastodon shariff-nocustomcolor\" style=\"background-color:#563ACC\"><a href=\"https:\/\/s2f.kytta.dev\/?text=33%20%E2%80%93%20Finnland%20%E2%80%93%20Waldgeister%20im%20Hightechland%3F https%3A%2F%2Fwww.contrapunktonline.de%2Fcontent%2F33-finnland-waldgeister-im-hightechland%2F\" title=\"Bei Mastodon teilen\" aria-label=\"Bei Mastodon teilen\" role=\"button\" rel=\"noopener nofollow\" class=\"shariff-link\" style=\"; background-color:#6364FF; color:#fff\" target=\"_blank\"><span class=\"shariff-icon\" style=\"\"><svg width=\"75\" height=\"79\" viewBox=\"0 0 75 79\" fill=\"none\" xmlns=\"http:\/\/www.w3.org\/2000\/svg\"><path d=\"M37.813-.025C32.462-.058 27.114.13 21.79.598c-8.544.621-17.214 5.58-20.203 13.931C-1.12 23.318.408 32.622.465 41.65c.375 7.316.943 14.78 3.392 21.73 4.365 9.465 14.781 14.537 24.782 15.385 7.64.698 15.761-.213 22.517-4.026a54.1 54.1 0 0 0 .01-6.232c-6.855 1.316-14.101 2.609-21.049 1.074-3.883-.88-6.876-4.237-7.25-8.215-1.53-3.988 3.78-.43 5.584-.883 9.048 1.224 18.282.776 27.303-.462 7.044-.837 14.26-4.788 16.65-11.833 2.263-6.135 1.215-12.79 1.698-19.177.06-3.84.09-7.692-.262-11.52C72.596 7.844 63.223.981 53.834.684a219.453 219.453 0 0 0-16.022-.71zm11.294 12.882c5.5-.067 10.801 4.143 11.67 9.653.338 1.48.471 3 .471 4.515v21.088h-8.357c-.07-7.588.153-15.182-.131-22.765-.587-4.368-7.04-5.747-9.672-2.397-2.422 3.04-1.47 7.155-1.67 10.735v6.392h-8.307c-.146-4.996.359-10.045-.404-15.002-1.108-4.218-7.809-5.565-10.094-1.666-1.685 3.046-.712 6.634-.976 9.936v14.767h-8.354c.109-8.165-.238-16.344.215-24.5.674-5.346 5.095-10.389 10.676-10.627 4.902-.739 10.103 2.038 12.053 6.631.375 1.435 1.76 1.932 1.994.084 1.844-3.704 5.501-6.739 9.785-6.771.367-.044.735-.068 1.101-.073z\"\/><defs><linearGradient id=\"paint0_linear_549_34\" x1=\"37.0692\" y1=\"0\" x2=\"37.0692\" y2=\"79\" gradientUnits=\"userSpaceOnUse\"><stop stop-color=\"#6364FF\"\/><stop offset=\"1\" stop-color=\"#563ACC\"\/><\/linearGradient><\/defs><\/svg><\/span><span class=\"shariff-text\">teilen<\/span>&nbsp;<\/a><\/li><li class=\"shariff-button info shariff-nocustomcolor\" style=\"background-color:#eee\"><a href=\"http:\/\/ct.de\/-2467514\" title=\"Weitere Informationen\" aria-label=\"Weitere Informationen\" role=\"button\" rel=\"noopener \" class=\"shariff-link\" style=\"; background-color:#fff; color:#fff\" target=\"_blank\"><span class=\"shariff-icon\" style=\"\"><svg width=\"32px\" height=\"20px\" xmlns=\"http:\/\/www.w3.org\/2000\/svg\" viewBox=\"0 0 11 32\"><path fill=\"#999\" d=\"M11.4 24v2.3q0 0.5-0.3 0.8t-0.8 0.4h-9.1q-0.5 0-0.8-0.4t-0.4-0.8v-2.3q0-0.5 0.4-0.8t0.8-0.4h1.1v-6.8h-1.1q-0.5 0-0.8-0.4t-0.4-0.8v-2.3q0-0.5 0.4-0.8t0.8-0.4h6.8q0.5 0 0.8 0.4t0.4 0.8v10.3h1.1q0.5 0 0.8 0.4t0.3 0.8zM9.2 3.4v3.4q0 0.5-0.4 0.8t-0.8 0.4h-4.6q-0.4 0-0.8-0.4t-0.4-0.8v-3.4q0-0.4 0.4-0.8t0.8-0.4h4.6q0.5 0 0.8 0.4t0.4 0.8z\"\/><\/svg><\/span><\/a><\/li><\/ul><\/div>","protected":false},"excerpt":{"rendered":"<p>Land der Mittsommer-Sonne, der tausend Seen und der Elche am Stadtrand, aber auch die Heimat von Nokia und der laut PISA im Lesen begabtesten Sch\u00fcler.<\/p>\n","protected":false},"author":1,"featured_media":0,"comment_status":"open","ping_status":"closed","sticky":false,"template":"","format":"standard","meta":{"ngg_post_thumbnail":0,"_jetpack_memberships_contains_paid_content":false,"footnotes":""},"categories":[16,5,10],"tags":[49,19,23,24,46],"class_list":["post-45","post","type-post","status-publish","format-standard","hentry","category-br-klassik","category-dialog-der-kulturen","category-goethe-institut","tag-baltikum","tag-europa","tag-finnland","tag-tango","tag-westeuropa"],"jetpack_featured_media_url":"","jetpack_sharing_enabled":true,"_links":{"self":[{"href":"https:\/\/www.contrapunktonline.de\/content\/wp-json\/wp\/v2\/posts\/45","targetHints":{"allow":["GET"]}}],"collection":[{"href":"https:\/\/www.contrapunktonline.de\/content\/wp-json\/wp\/v2\/posts"}],"about":[{"href":"https:\/\/www.contrapunktonline.de\/content\/wp-json\/wp\/v2\/types\/post"}],"author":[{"embeddable":true,"href":"https:\/\/www.contrapunktonline.de\/content\/wp-json\/wp\/v2\/users\/1"}],"replies":[{"embeddable":true,"href":"https:\/\/www.contrapunktonline.de\/content\/wp-json\/wp\/v2\/comments?post=45"}],"version-history":[{"count":10,"href":"https:\/\/www.contrapunktonline.de\/content\/wp-json\/wp\/v2\/posts\/45\/revisions"}],"predecessor-version":[{"id":48,"href":"https:\/\/www.contrapunktonline.de\/content\/wp-json\/wp\/v2\/posts\/45\/revisions\/48"}],"wp:attachment":[{"href":"https:\/\/www.contrapunktonline.de\/content\/wp-json\/wp\/v2\/media?parent=45"}],"wp:term":[{"taxonomy":"category","embeddable":true,"href":"https:\/\/www.contrapunktonline.de\/content\/wp-json\/wp\/v2\/categories?post=45"},{"taxonomy":"post_tag","embeddable":true,"href":"https:\/\/www.contrapunktonline.de\/content\/wp-json\/wp\/v2\/tags?post=45"}],"curies":[{"name":"wp","href":"https:\/\/api.w.org\/{rel}","templated":true}]}}