{"id":458,"date":"2013-03-18T11:11:02","date_gmt":"2013-03-18T10:11:02","guid":{"rendered":"http:\/\/www.contrapunktonline.de\/content\/?p=458"},"modified":"2013-04-18T23:25:19","modified_gmt":"2013-04-18T21:25:19","slug":"39-korea-ein-land-zwei-welten","status":"publish","type":"post","link":"https:\/\/www.contrapunktonline.de\/content\/39-korea-ein-land-zwei-welten\/","title":{"rendered":"39 \u2013 Korea \u2013 Ein Land, Zwei Welten"},"content":{"rendered":"<div id=\"attachment_459\" style=\"width: 310px\" class=\"wp-caption alignright\"><a href=\"http:\/\/www.contrapunktonline.de\/content\/wp-content\/uploads\/2013\/03\/Unification_flag_of_Korea.svg_.png\"><img loading=\"lazy\" decoding=\"async\" aria-describedby=\"caption-attachment-459\" class=\"size-medium wp-image-459\" alt=\"Einheitsflagge von Korea\" src=\"http:\/\/www.contrapunktonline.de\/content\/wp-content\/uploads\/2013\/03\/Unification_flag_of_Korea.svg_-300x199.png\" width=\"300\" height=\"199\" srcset=\"https:\/\/www.contrapunktonline.de\/content\/wp-content\/uploads\/2013\/03\/Unification_flag_of_Korea.svg_-300x200.png 300w, https:\/\/www.contrapunktonline.de\/content\/wp-content\/uploads\/2013\/03\/Unification_flag_of_Korea.svg_-200x133.png 200w, https:\/\/www.contrapunktonline.de\/content\/wp-content\/uploads\/2013\/03\/Unification_flag_of_Korea.svg_-225x150.png 225w, https:\/\/www.contrapunktonline.de\/content\/wp-content\/uploads\/2013\/03\/Unification_flag_of_Korea.svg_.png 800w\" sizes=\"auto, (max-width: 300px) 100vw, 300px\" \/><\/a><p id=\"caption-attachment-459\" class=\"wp-caption-text\">Einheitsflagge von Korea<\/p><\/div>\n<p><strong>18.04.2013 \u2013 Goethe-Institut M\u00fcnchen<\/strong><br \/>\nDialog der Kulturen: Ausgabe Nr. 39<br \/>\nModeration: Eva Schrot, Theo Gei\u00dfler<br \/>\nRedaktion: Meret Forster<\/p>\n<p>Ein Abend im Goethe-Institut mit Konzert und Diskussion ab 19:30 \u2013 und live im Bayerischen Rundfunk auf BR -KLASSIK (21:03 \u2013 22:00 Uhr)<\/p>\n<p>Den Umgang mit einem geteilten Land teilten \u00fcber lange Jahre die Deutschen mit den Koreanern. Wir wuchsen auf mit der Gewissheit, dass es zwei Deutschlands gab. Dann kam 1989. Korea ist ein Land, das seit nunmehr \u00fcber f\u00fcnfzig Jahren mit der Teilung lebt. Der Koreakrieg, dessen Ende sich am 27.7.1953 in diesem Jahr zum 60sten mal j\u00e4hrt, war der erste milit\u00e4rische Konflikt des Kalten Krieges.<\/p>\n<p>Nordkoreaner und Chinesen auf der einen Seite und S\u00fcdkoreaner unterst\u00fctzt von UNO- und US-Truppen auf der anderen Seite, eroberten abwechselnd das ganze Land. Das ist der Unterschied: Korea hat mit einer Teilung zu leben, die durch einen B\u00fcrgerkrieg verursacht ist. Und seither gehen auch kulturell beide Koreas ihren Weg.<\/p>\n<p>S\u00fcdkorea hat l\u00e4ngst seine eigenen Themen und sein eigenes standing gefunden, wie es zuletzt der auf den vergangenen Filmfestspielen in Venedig mit dem Goldenen L\u00f6wen preisgekr\u00f6nte Film \u201ePiet\u00e0\u201c von Kim Ki-duk eindrucksvoll demonstrierte.<\/p>\n<p>Nordkorea macht immer wieder als \u201eb\u00f6ser Bube\u201c der Weltgemeinschaft s\u00e4belrasselnd auf sich aufmerksam, obwohl sich auch dieses Land zu wandeln scheint.<\/p>\n<p>Alexander Liebreich, Leiter des M\u00fcnchener Kammerorchesters und seit 2011 auch k\u00fcnstlerischer Leiter des s\u00fcdkoreanischen \u201eTongyeong International Music Festival\u201c unternimmt im Dezember 2012 mit dem M\u00fcnchener Kammerorchester eine Reise nach Nordkorea. Gemeinsam mit nordkoreanischen Musikstudenten der Hochschule f\u00fcr Musik in Pj\u00f6ngjang studierten die M\u00fcnchner ein Programm ein.<\/p>\n<p><iframe loading=\"lazy\" src=\"http:\/\/player.vimeo.com\/video\/55834030?title=0&amp;byline=0&amp;portrait=0&amp;color=8dc7dc\" height=\"338\" width=\"600\" allowfullscreen=\"\" frameborder=\"0\"><\/iframe><\/p>\n<p><a href=\"http:\/\/vimeo.com\/55834030\">ORCHESTRAL MANOEUVRES IN THE NORTH . documentary<\/a> from <a href=\"http:\/\/vimeo.com\/nilsclauss\">Nils Clauss<\/a> on <a href=\"http:\/\/vimeo.com\">Vimeo<\/a>.<\/p>\n<p>Welche Eindr\u00fccke hinterlassen diese beiden so unterschiedlichen Staaten? Ist eine Ann\u00e4herung nach \u00fcber sechzigj\u00e4hriger Trennung m\u00f6glich, und wie kann hier ein Kulturdialog aussehen? Und wie ist eigentlich zu erkl\u00e4ren, dass immer mehr koreanische Musiker europ\u00e4ische B\u00fchnen und Konzerts\u00e4le erobern?<\/p>\n<p>\u00dcber diese Fragen, wie auch \u00fcber Musiktraditionen und die heutige Musikszene in den beiden Teilen Koreas, wollen wir mit unseren G\u00e4sten sprechen.<\/p>\n<p><strong>Konzert: ab 19:30 Uhr<\/strong><br \/>\nMitglieder des M\u00fcnchener Kammerorchesters und Il-Ryun Chung (Changgu) spielen St\u00fccke von Isang Yun, Myung-Sun Lee und Il-Ryun Chung<\/p>\n<p><strong>Podiumsdiskussion:<\/strong> ab 21:03 Uhr<\/p>\n<h4>G\u00e4ste:<\/h4>\n<ul>\n<li>Alexander Liebreich, Leiter des M\u00fcnchener Kammerorchesters<\/li>\n<li>Jin-Ah Kim, Musikwissenschaftlerin<\/li>\n<li>Hoo Nam Seelmann, Journalistin<\/li>\n<\/ul>\n<p>In Zusammenarbeit mit dem Verein der Koreaner in M\u00fcnchen e.V.<\/p>\n<h4>Die Sendung als Podcast<\/h4>\n<div class=\"powerpress_player\" id=\"powerpress_player_3532\"><a href=\"http:\/\/media.blubrry.com\/contrapunkt\/www.contrapunktonline.de\/content\/wp-content\/uploads\/2013\/04\/cp39-00.mp3\" title=\"Play\" onclick=\"return powerpress_embed_html5a('3532','http:\/\/media.blubrry.com\/contrapunkt\/www.contrapunktonline.de\/content\/wp-content\/uploads\/2013\/04\/cp39-00.mp3');\" target=\"_blank\"><img decoding=\"async\" src=\"http:\/\/www.contrapunktonline.de\/content\/wp-content\/uploads\/powerpress\/play.gif\" title=\"Play\" alt=\"Play\" style=\"border:0;\" \/><\/a><\/div>\n\n<h4>Und in kleinen Happen:<\/h4>\n<p><strong>01 Einleitung<\/strong><br \/>\nEva Schrot und Theo Gei\u00dfler stellen das Thema vor<br \/>\n<div class=\"powerpress_player\" id=\"powerpress_player_3533\"><a href=\"http:\/\/media.blubrry.com\/contrapunkt\/www.contrapunktonline.de\/content\/wp-content\/uploads\/2013\/04\/cp39-01.mp3\" title=\"Play\" onclick=\"return powerpress_embed_html5a('3533','http:\/\/media.blubrry.com\/contrapunkt\/www.contrapunktonline.de\/content\/wp-content\/uploads\/2013\/04\/cp39-01.mp3');\" target=\"_blank\"><img decoding=\"async\" src=\"http:\/\/www.contrapunktonline.de\/content\/wp-content\/uploads\/powerpress\/play.gif\" title=\"Play\" alt=\"Play\" style=\"border:0;\" \/><\/a><\/div>\n<\/p>\n<p><strong>02 Peter Kujat (ARD)<\/strong><br \/>\nBeitrag zur aktuellen kulturellen und politischen Situation<br \/>\n<div class=\"powerpress_player\" id=\"powerpress_player_3534\"><a href=\"http:\/\/media.blubrry.com\/contrapunkt\/www.contrapunktonline.de\/content\/wp-content\/uploads\/2013\/04\/cp39-02.mp3\" title=\"Play\" onclick=\"return powerpress_embed_html5a('3534','http:\/\/media.blubrry.com\/contrapunkt\/www.contrapunktonline.de\/content\/wp-content\/uploads\/2013\/04\/cp39-02.mp3');\" target=\"_blank\"><img decoding=\"async\" src=\"http:\/\/www.contrapunktonline.de\/content\/wp-content\/uploads\/powerpress\/play.gif\" title=\"Play\" alt=\"Play\" style=\"border:0;\" \/><\/a><\/div>\n<\/p>\n<p><strong>03 G\u00e4ste<\/strong><br \/>\nHoo Nam Seelmann, Alexander Liebreich und Jin-Ah Kim<br \/>\n<div class=\"powerpress_player\" id=\"powerpress_player_3535\"><a href=\"http:\/\/media.blubrry.com\/contrapunkt\/www.contrapunktonline.de\/content\/wp-content\/uploads\/2013\/04\/cp39-03.mp3\" title=\"Play\" onclick=\"return powerpress_embed_html5a('3535','http:\/\/media.blubrry.com\/contrapunkt\/www.contrapunktonline.de\/content\/wp-content\/uploads\/2013\/04\/cp39-03.mp3');\" target=\"_blank\"><img decoding=\"async\" src=\"http:\/\/www.contrapunktonline.de\/content\/wp-content\/uploads\/powerpress\/play.gif\" title=\"Play\" alt=\"Play\" style=\"border:0;\" \/><\/a><\/div>\n<\/p>\n<p><strong>04 Live-Musik: Il-Ryun Chung: Six Korean Dances<\/strong><br \/>\nMusiker des M\u00fcnchner Kammerorchesters und Il-Ryun Chung<br \/>\n<div class=\"powerpress_player\" id=\"powerpress_player_3536\"><a href=\"http:\/\/media.blubrry.com\/contrapunkt\/www.contrapunktonline.de\/content\/wp-content\/uploads\/2013\/04\/cp39-04.mp3\" title=\"Play\" onclick=\"return powerpress_embed_html5a('3536','http:\/\/media.blubrry.com\/contrapunkt\/www.contrapunktonline.de\/content\/wp-content\/uploads\/2013\/04\/cp39-04.mp3');\" target=\"_blank\"><img decoding=\"async\" src=\"http:\/\/www.contrapunktonline.de\/content\/wp-content\/uploads\/powerpress\/play.gif\" title=\"Play\" alt=\"Play\" style=\"border:0;\" \/><\/a><\/div>\n<\/p>\n<p><strong>05 Diskussionsrunde I<\/strong><br \/>\nBr\u00fcckenbauer zwischen Korea und Deutschland \u2013 Die ver\u00e4nderte Situation \u2013 Auseinanderentwicklung der Musikkulturen \u2013 Isang Yun \u2013 Musikbeispiel \u2013 Rehabilitation \u2013 Korea und Europa<br \/>\n<div class=\"powerpress_player\" id=\"powerpress_player_3537\"><a href=\"http:\/\/media.blubrry.com\/contrapunkt\/www.contrapunktonline.de\/content\/wp-content\/uploads\/2013\/04\/cp39-05.mp3\" title=\"Play\" onclick=\"return powerpress_embed_html5a('3537','http:\/\/media.blubrry.com\/contrapunkt\/www.contrapunktonline.de\/content\/wp-content\/uploads\/2013\/04\/cp39-05.mp3');\" target=\"_blank\"><img decoding=\"async\" src=\"http:\/\/www.contrapunktonline.de\/content\/wp-content\/uploads\/powerpress\/play.gif\" title=\"Play\" alt=\"Play\" style=\"border:0;\" \/><\/a><\/div>\n<\/p>\n<p><strong>06 Live-Musik: Koreanisches Volkslied<\/strong><br \/>\nMusiker des M\u00fcnchner Kammerorchesters<br \/>\n<div class=\"powerpress_player\" id=\"powerpress_player_3538\"><a href=\"http:\/\/media.blubrry.com\/contrapunkt\/www.contrapunktonline.de\/content\/wp-content\/uploads\/2013\/04\/cp39-06.mp3\" title=\"Play\" onclick=\"return powerpress_embed_html5a('3538','http:\/\/media.blubrry.com\/contrapunkt\/www.contrapunktonline.de\/content\/wp-content\/uploads\/2013\/04\/cp39-06.mp3');\" target=\"_blank\"><img decoding=\"async\" src=\"http:\/\/www.contrapunktonline.de\/content\/wp-content\/uploads\/powerpress\/play.gif\" title=\"Play\" alt=\"Play\" style=\"border:0;\" \/><\/a><\/div>\n<\/p>\n<p><strong>07 Diskussionsrunde II<\/strong><br \/>\nKorea und Musikhochschulen \u2013 Ann\u00e4herung zwischen den zwei Welten \u2013 Gemeinsames W\u00f6rterbuch \u2013 Wiedervereinigungsministerium \u2013 Zukunft und Erbe<br \/>\n<div class=\"powerpress_player\" id=\"powerpress_player_3539\"><a href=\"http:\/\/media.blubrry.com\/contrapunkt\/www.contrapunktonline.de\/content\/wp-content\/uploads\/2013\/04\/cp39-07.mp3\" title=\"Play\" onclick=\"return powerpress_embed_html5a('3539','http:\/\/media.blubrry.com\/contrapunkt\/www.contrapunktonline.de\/content\/wp-content\/uploads\/2013\/04\/cp39-07.mp3');\" target=\"_blank\"><img decoding=\"async\" src=\"http:\/\/www.contrapunktonline.de\/content\/wp-content\/uploads\/powerpress\/play.gif\" title=\"Play\" alt=\"Play\" style=\"border:0;\" \/><\/a><\/div>\n<\/p>\n<p><strong>08 Live-Musik: Isang Yun, Streichquartett No. 4\/2 (Ausschnitt)<\/strong><br \/>\nMusiker des M\u00fcnchner Kammerorchesters<br \/>\n<div class=\"powerpress_player\" id=\"powerpress_player_3540\"><a href=\"http:\/\/media.blubrry.com\/contrapunkt\/www.contrapunktonline.de\/content\/wp-content\/uploads\/2013\/04\/cp39-08.mp3\" title=\"Play\" onclick=\"return powerpress_embed_html5a('3540','http:\/\/media.blubrry.com\/contrapunkt\/www.contrapunktonline.de\/content\/wp-content\/uploads\/2013\/04\/cp39-08.mp3');\" target=\"_blank\"><img decoding=\"async\" src=\"http:\/\/www.contrapunktonline.de\/content\/wp-content\/uploads\/powerpress\/play.gif\" title=\"Play\" alt=\"Play\" style=\"border:0;\" \/><\/a><\/div>\n<\/p>\n<p>&nbsp;<\/p>\n<p>&nbsp;<\/p>\n<div class=\"shariff shariff-align-left shariff-widget-align-left\"><div class=\"ShariffHeadline\"> <\/div><ul class=\"shariff-buttons theme-default orientation-horizontal buttonsize-medium\"><li class=\"shariff-button bluesky shariff-nocustomcolor\" style=\"background-color:#84c4ff\"><a href=\"https:\/\/bsky.app\/intent\/compose?text=39%20%E2%80%93%20Korea%20%E2%80%93%20Ein%20Land%2C%20Zwei%20Welten https%3A%2F%2Fwww.contrapunktonline.de%2Fcontent%2F39-korea-ein-land-zwei-welten%2F \" title=\"Bei Bluesky teilen\" aria-label=\"Bei Bluesky teilen\" role=\"button\" rel=\"noopener nofollow\" class=\"shariff-link\" style=\"; background-color:#0085ff; color:#fff\" target=\"_blank\"><span class=\"shariff-icon\" style=\"\"><svg width=\"20\" height=\"20\" version=\"1.1\" xmlns=\"http:\/\/www.w3.org\/2000\/svg\" viewBox=\"0 0 20 20\"><path class=\"st0\" d=\"M4.89,3.12c2.07,1.55,4.3,4.71,5.11,6.4.82-1.69,3.04-4.84,5.11-6.4,1.49-1.12,3.91-1.99,3.91.77,0,.55-.32,4.63-.5,5.3-.64,2.3-2.99,2.89-5.08,2.54,3.65.62,4.58,2.68,2.57,4.74-3.81,3.91-5.48-.98-5.9-2.23-.08-.23-.11-.34-.12-.25,0-.09-.04.02-.12.25-.43,1.25-2.09,6.14-5.9,2.23-2.01-2.06-1.08-4.12,2.57-4.74-2.09.36-4.44-.23-5.08-2.54-.19-.66-.5-4.74-.5-5.3,0-2.76,2.42-1.89,3.91-.77h0Z\"\/><\/svg><\/span><span class=\"shariff-text\">teilen<\/span>&nbsp;<\/a><\/li><li class=\"shariff-button mastodon shariff-nocustomcolor\" style=\"background-color:#563ACC\"><a href=\"https:\/\/s2f.kytta.dev\/?text=39%20%E2%80%93%20Korea%20%E2%80%93%20Ein%20Land%2C%20Zwei%20Welten https%3A%2F%2Fwww.contrapunktonline.de%2Fcontent%2F39-korea-ein-land-zwei-welten%2F\" title=\"Bei Mastodon teilen\" aria-label=\"Bei Mastodon teilen\" role=\"button\" rel=\"noopener nofollow\" class=\"shariff-link\" style=\"; background-color:#6364FF; color:#fff\" target=\"_blank\"><span class=\"shariff-icon\" style=\"\"><svg width=\"75\" height=\"79\" viewBox=\"0 0 75 79\" fill=\"none\" xmlns=\"http:\/\/www.w3.org\/2000\/svg\"><path d=\"M37.813-.025C32.462-.058 27.114.13 21.79.598c-8.544.621-17.214 5.58-20.203 13.931C-1.12 23.318.408 32.622.465 41.65c.375 7.316.943 14.78 3.392 21.73 4.365 9.465 14.781 14.537 24.782 15.385 7.64.698 15.761-.213 22.517-4.026a54.1 54.1 0 0 0 .01-6.232c-6.855 1.316-14.101 2.609-21.049 1.074-3.883-.88-6.876-4.237-7.25-8.215-1.53-3.988 3.78-.43 5.584-.883 9.048 1.224 18.282.776 27.303-.462 7.044-.837 14.26-4.788 16.65-11.833 2.263-6.135 1.215-12.79 1.698-19.177.06-3.84.09-7.692-.262-11.52C72.596 7.844 63.223.981 53.834.684a219.453 219.453 0 0 0-16.022-.71zm11.294 12.882c5.5-.067 10.801 4.143 11.67 9.653.338 1.48.471 3 .471 4.515v21.088h-8.357c-.07-7.588.153-15.182-.131-22.765-.587-4.368-7.04-5.747-9.672-2.397-2.422 3.04-1.47 7.155-1.67 10.735v6.392h-8.307c-.146-4.996.359-10.045-.404-15.002-1.108-4.218-7.809-5.565-10.094-1.666-1.685 3.046-.712 6.634-.976 9.936v14.767h-8.354c.109-8.165-.238-16.344.215-24.5.674-5.346 5.095-10.389 10.676-10.627 4.902-.739 10.103 2.038 12.053 6.631.375 1.435 1.76 1.932 1.994.084 1.844-3.704 5.501-6.739 9.785-6.771.367-.044.735-.068 1.101-.073z\"\/><defs><linearGradient id=\"paint0_linear_549_34\" x1=\"37.0692\" y1=\"0\" x2=\"37.0692\" y2=\"79\" gradientUnits=\"userSpaceOnUse\"><stop stop-color=\"#6364FF\"\/><stop offset=\"1\" stop-color=\"#563ACC\"\/><\/linearGradient><\/defs><\/svg><\/span><span class=\"shariff-text\">teilen<\/span>&nbsp;<\/a><\/li><li class=\"shariff-button info shariff-nocustomcolor\" style=\"background-color:#eee\"><a href=\"http:\/\/ct.de\/-2467514\" title=\"Weitere Informationen\" aria-label=\"Weitere Informationen\" role=\"button\" rel=\"noopener \" class=\"shariff-link\" style=\"; background-color:#fff; color:#fff\" target=\"_blank\"><span class=\"shariff-icon\" style=\"\"><svg width=\"32px\" height=\"20px\" xmlns=\"http:\/\/www.w3.org\/2000\/svg\" viewBox=\"0 0 11 32\"><path fill=\"#999\" d=\"M11.4 24v2.3q0 0.5-0.3 0.8t-0.8 0.4h-9.1q-0.5 0-0.8-0.4t-0.4-0.8v-2.3q0-0.5 0.4-0.8t0.8-0.4h1.1v-6.8h-1.1q-0.5 0-0.8-0.4t-0.4-0.8v-2.3q0-0.5 0.4-0.8t0.8-0.4h6.8q0.5 0 0.8 0.4t0.4 0.8v10.3h1.1q0.5 0 0.8 0.4t0.3 0.8zM9.2 3.4v3.4q0 0.5-0.4 0.8t-0.8 0.4h-4.6q-0.4 0-0.8-0.4t-0.4-0.8v-3.4q0-0.4 0.4-0.8t0.8-0.4h4.6q0.5 0 0.8 0.4t0.4 0.8z\"\/><\/svg><\/span><\/a><\/li><\/ul><\/div>","protected":false},"excerpt":{"rendered":"<p>Korea ist ein Land, das seit nunmehr \u00fcber f\u00fcnfzig Jahren mit der Teilung lebt. Welche Eindr\u00fccke hinterlassen diese beiden so unterschiedlichen Staaten? Ist eine Ann\u00e4herung nach \u00fcber sechzigj\u00e4hriger Trennung m\u00f6glich, und wie kann hier ein Kulturdialog aussehen? Und wie ist eigentlich zu erkl\u00e4ren, dass immer mehr koreanische Musiker europ\u00e4ische B\u00fchnen und Konzerts\u00e4le erobern?<br \/>\nLive am 18.04.2013 im Goethe-Forum M\u00fcnchen und ab 21:03 auch auf BR-KLASSIK.<\/p>\n","protected":false},"author":1,"featured_media":0,"comment_status":"closed","ping_status":"closed","sticky":false,"template":"","format":"standard","meta":{"ngg_post_thumbnail":0,"_jetpack_memberships_contains_paid_content":false,"footnotes":""},"categories":[16,5,10],"tags":[93,92],"class_list":["post-458","post","type-post","status-publish","format-standard","hentry","category-br-klassik","category-dialog-der-kulturen","category-goethe-institut","tag-korea","tag-ostasien"],"jetpack_featured_media_url":"","jetpack_sharing_enabled":true,"_links":{"self":[{"href":"https:\/\/www.contrapunktonline.de\/content\/wp-json\/wp\/v2\/posts\/458","targetHints":{"allow":["GET"]}}],"collection":[{"href":"https:\/\/www.contrapunktonline.de\/content\/wp-json\/wp\/v2\/posts"}],"about":[{"href":"https:\/\/www.contrapunktonline.de\/content\/wp-json\/wp\/v2\/types\/post"}],"author":[{"embeddable":true,"href":"https:\/\/www.contrapunktonline.de\/content\/wp-json\/wp\/v2\/users\/1"}],"replies":[{"embeddable":true,"href":"https:\/\/www.contrapunktonline.de\/content\/wp-json\/wp\/v2\/comments?post=458"}],"version-history":[{"count":12,"href":"https:\/\/www.contrapunktonline.de\/content\/wp-json\/wp\/v2\/posts\/458\/revisions"}],"predecessor-version":[{"id":469,"href":"https:\/\/www.contrapunktonline.de\/content\/wp-json\/wp\/v2\/posts\/458\/revisions\/469"}],"wp:attachment":[{"href":"https:\/\/www.contrapunktonline.de\/content\/wp-json\/wp\/v2\/media?parent=458"}],"wp:term":[{"taxonomy":"category","embeddable":true,"href":"https:\/\/www.contrapunktonline.de\/content\/wp-json\/wp\/v2\/categories?post=458"},{"taxonomy":"post_tag","embeddable":true,"href":"https:\/\/www.contrapunktonline.de\/content\/wp-json\/wp\/v2\/tags?post=458"}],"curies":[{"name":"wp","href":"https:\/\/api.w.org\/{rel}","templated":true}]}}