{"id":505,"date":"2013-10-07T09:09:10","date_gmt":"2013-10-07T07:09:10","guid":{"rendered":"http:\/\/www.contrapunktonline.de\/content\/?p=505"},"modified":"2013-10-24T23:33:22","modified_gmt":"2013-10-24T21:33:22","slug":"40-niederlande-innovation-in-der-krise","status":"publish","type":"post","link":"https:\/\/www.contrapunktonline.de\/content\/40-niederlande-innovation-in-der-krise\/","title":{"rendered":"40 \u2013 Niederlande: Innovation in der Krise?"},"content":{"rendered":"<div id=\"attachment_506\" style=\"width: 310px\" class=\"wp-caption alignright\"><a href=\"http:\/\/www.contrapunktonline.de\/content\/wp-content\/uploads\/2013\/10\/niederlande.png\"><img loading=\"lazy\" decoding=\"async\" aria-describedby=\"caption-attachment-506\" class=\"size-medium wp-image-506\" alt=\"Flagge der Niederlande\" src=\"http:\/\/www.contrapunktonline.de\/content\/wp-content\/uploads\/2013\/10\/niederlande-300x199.png\" width=\"300\" height=\"199\" srcset=\"https:\/\/www.contrapunktonline.de\/content\/wp-content\/uploads\/2013\/10\/niederlande-300x200.png 300w, https:\/\/www.contrapunktonline.de\/content\/wp-content\/uploads\/2013\/10\/niederlande-200x133.png 200w, https:\/\/www.contrapunktonline.de\/content\/wp-content\/uploads\/2013\/10\/niederlande-225x150.png 225w, https:\/\/www.contrapunktonline.de\/content\/wp-content\/uploads\/2013\/10\/niederlande.png 500w\" sizes=\"auto, (max-width: 300px) 100vw, 300px\" \/><\/a><p id=\"caption-attachment-506\" class=\"wp-caption-text\">Flagge der Niederlande<\/p><\/div>\n<p><strong>24.10.2013 \u2013 Goethe-Institut M\u00fcnchen<\/strong><br \/>\nDialog der Kulturen: Ausgabe Nr. 40<br \/>\nModeration: Eva Schrot, Theo Gei\u00dfler<br \/>\nRedaktion: Meret Forster<\/p>\n<p>Die Niederlande sind f\u00fcr uns Deutsche ein vertrauter Nachbar. Man mag sich und wei\u00df doch um gewisse Mentalit\u00e4tsunterschiede, wei\u00df auch, wie man sich zu den gegenseitig gepflegten Stereotypen verh\u00e4lt. Immer wieder faszinierend ist die F\u00e4higkeit der Niederl\u00e4nder, Altes und Neues m\u00fchelos miteinander zu kombinieren. Amsterdam feiert gerade das 400-j\u00e4hrige Jubil\u00e4um des Grachteng\u00fcrtels und \u00fcberrascht durch erstaunlich unkonventionelle Bauten, wie erst j\u00fcngst durch architektonische Experimente zu Wasser und zu Lande. Auf der anderen Seite sehen sich die Niederlande mit Themen konfrontiert, die auch uns besch\u00e4ftigen: die Eurokrise und die damit verbundene Konsolidierung der \u00f6ffentlichen Haushalte. Im Kulturbereich geht damit eine sorgf\u00e4ltige Pr\u00fcfung von Seiten des Staates einher, was denn nun mit staatlichen Mitteln zu f\u00f6rdern sei und was nicht. Dabei treffen diese Sparma\u00dfnahmen in den Niederlanden auf eine bedeutende Orchester- und Ensemblekultur.<\/p>\n<p>Willkommene Gelegenheit also, mit unseren G\u00e4sten diesen Fragen nachzugehen, und auch zu sehen, wie andere L\u00e4nder mit der f\u00fcr uns alle schwierigen Situation umgehen.<\/p>\n<p>Ein Abend im Goethe-Institut mit Konzert und Diskussion ab 19:30 \u2013 und live im Bayerischen Rundfunk auf BR -KLASSIK (21:03 \u2013 22:00 Uhr).<\/p>\n<h4>G\u00e4ste &amp; Live-Musik:<\/h4>\n<ul>\n<li>Barbara Honrath (Leiterin des Goethe-Instituts Niederlande);<\/li>\n<li>Kees Vlaardingerbroek (Dutch Radio Classical Concerts Barbara Honrath);<\/li>\n<li>Jochem Valkenburg (Holland-Festival Amsterdam)<\/li>\n<li>\u00a0Live-Musik: Das DoelenKwartet spielt Werke von Henk Badings, Patrick van Deurzen und Hans Erich Apostel<\/li>\n<\/ul>\n<h4>Podcast der Sendung<\/h4>\n<div class=\"powerpress_player\" id=\"powerpress_player_5382\"><a href=\"http:\/\/media.blubrry.com\/contrapunkt\/www.contrapunktonline.de\/content\/wp-content\/uploads\/2013\/10\/cp40-00.mp3\" title=\"Play\" onclick=\"return powerpress_embed_html5a('5382','http:\/\/media.blubrry.com\/contrapunkt\/www.contrapunktonline.de\/content\/wp-content\/uploads\/2013\/10\/cp40-00.mp3');\" target=\"_blank\"><img decoding=\"async\" src=\"http:\/\/www.contrapunktonline.de\/content\/wp-content\/uploads\/powerpress\/play.gif\" title=\"Play\" alt=\"Play\" style=\"border:0;\" \/><\/a><\/div>\n\n<h4>Die Sendung in Teilen<\/h4>\n<p><strong>Begr\u00fc\u00dfung der Zuh\u00f6rer<\/strong><br \/>\nEva Schrot und Theo Gei\u00dfler<br \/>\n<div class=\"powerpress_player\" id=\"powerpress_player_5383\"><a href=\"http:\/\/media.blubrry.com\/contrapunkt\/www.contrapunktonline.de\/content\/wp-content\/uploads\/2013\/10\/cp40-01.mp3\" title=\"Play\" onclick=\"return powerpress_embed_html5a('5383','http:\/\/media.blubrry.com\/contrapunkt\/www.contrapunktonline.de\/content\/wp-content\/uploads\/2013\/10\/cp40-01.mp3');\" target=\"_blank\"><img decoding=\"async\" src=\"http:\/\/www.contrapunktonline.de\/content\/wp-content\/uploads\/powerpress\/play.gif\" title=\"Play\" alt=\"Play\" style=\"border:0;\" \/><\/a><\/div>\n<\/p>\n<p><strong>Geschichte und Mentalit\u00e4t der Niederl\u00e4nder<\/strong><br \/>\nBeitrag von Kerstin Schweigh\u00f6fer<br \/>\n<div class=\"powerpress_player\" id=\"powerpress_player_5384\"><a href=\"http:\/\/media.blubrry.com\/contrapunkt\/www.contrapunktonline.de\/content\/wp-content\/uploads\/2013\/10\/cp40-02.mp3\" title=\"Play\" onclick=\"return powerpress_embed_html5a('5384','http:\/\/media.blubrry.com\/contrapunkt\/www.contrapunktonline.de\/content\/wp-content\/uploads\/2013\/10\/cp40-02.mp3');\" target=\"_blank\"><img decoding=\"async\" src=\"http:\/\/www.contrapunktonline.de\/content\/wp-content\/uploads\/powerpress\/play.gif\" title=\"Play\" alt=\"Play\" style=\"border:0;\" \/><\/a><\/div>\n<\/p>\n<p><strong>Vorstellung der G\u00e4ste<\/strong><br \/>\nKees Vlaardingerbroek, Barbara Honrath und Jochem Valkenburg<br \/>\n<div class=\"powerpress_player\" id=\"powerpress_player_5385\"><a href=\"http:\/\/media.blubrry.com\/contrapunkt\/www.contrapunktonline.de\/content\/wp-content\/uploads\/2013\/10\/cp40-03.mp3\" title=\"Play\" onclick=\"return powerpress_embed_html5a('5385','http:\/\/media.blubrry.com\/contrapunkt\/www.contrapunktonline.de\/content\/wp-content\/uploads\/2013\/10\/cp40-03.mp3');\" target=\"_blank\"><img decoding=\"async\" src=\"http:\/\/www.contrapunktonline.de\/content\/wp-content\/uploads\/powerpress\/play.gif\" title=\"Play\" alt=\"Play\" style=\"border:0;\" \/><\/a><\/div>\n<\/p>\n<p><strong>Live-Musik mit dem DoelenKwartet<\/strong><br \/>\nHenk Badings: Zweites Streichquartett (1936)<br \/>\n<div class=\"powerpress_player\" id=\"powerpress_player_5386\"><a href=\"http:\/\/media.blubrry.com\/contrapunkt\/www.contrapunktonline.de\/content\/wp-content\/uploads\/2013\/10\/cp40-04.mp3\" title=\"Play\" onclick=\"return powerpress_embed_html5a('5386','http:\/\/media.blubrry.com\/contrapunkt\/www.contrapunktonline.de\/content\/wp-content\/uploads\/2013\/10\/cp40-04.mp3');\" target=\"_blank\"><img decoding=\"async\" src=\"http:\/\/www.contrapunktonline.de\/content\/wp-content\/uploads\/powerpress\/play.gif\" title=\"Play\" alt=\"Play\" style=\"border:0;\" \/><\/a><\/div>\n<\/p>\n<p><strong>Erste Diskussionsrunde<\/strong><br \/>\nK\u00fcrzungen +++ Proteste +++ \u00d6ffentlicher Diskurs +++ Zeitgeist<br \/>\n<div class=\"powerpress_player\" id=\"powerpress_player_5387\"><a href=\"http:\/\/media.blubrry.com\/contrapunkt\/www.contrapunktonline.de\/content\/wp-content\/uploads\/2013\/10\/cp40-05.mp3\" title=\"Play\" onclick=\"return powerpress_embed_html5a('5387','http:\/\/media.blubrry.com\/contrapunkt\/www.contrapunktonline.de\/content\/wp-content\/uploads\/2013\/10\/cp40-05.mp3');\" target=\"_blank\"><img decoding=\"async\" src=\"http:\/\/www.contrapunktonline.de\/content\/wp-content\/uploads\/powerpress\/play.gif\" title=\"Play\" alt=\"Play\" style=\"border:0;\" \/><\/a><\/div>\n<\/p>\n<p><strong>Live-Musik mit dem DoelenKwartet<\/strong><br \/>\nPatrick van Deurzen:\u00a0 \u201eSeven\u201c (2004 \u2013 2009): Erstes Streichquartett, Zweiter Satz &#8222;The essence of war is violence&#8220;<br \/>\n<div class=\"powerpress_player\" id=\"powerpress_player_5388\"><a href=\"http:\/\/media.blubrry.com\/contrapunkt\/www.contrapunktonline.de\/content\/wp-content\/uploads\/2013\/10\/cp40-06.mp3\" title=\"Play\" onclick=\"return powerpress_embed_html5a('5388','http:\/\/media.blubrry.com\/contrapunkt\/www.contrapunktonline.de\/content\/wp-content\/uploads\/2013\/10\/cp40-06.mp3');\" target=\"_blank\"><img decoding=\"async\" src=\"http:\/\/www.contrapunktonline.de\/content\/wp-content\/uploads\/powerpress\/play.gif\" title=\"Play\" alt=\"Play\" style=\"border:0;\" \/><\/a><\/div>\n<\/p>\n<p><strong>Zweite Diskussionsrunde<\/strong><br \/>\nWege aus der Krise +++ Neue Business-Modelle +++ Pragmatismus +++ Neues Publikum +++ Trinken und H\u00f6ren +++ Das Verschwinden +++ \u201eLeuchtt\u00fcrme in der W\u00fcste\u201c<br \/>\n<div class=\"powerpress_player\" id=\"powerpress_player_5389\"><a href=\"http:\/\/media.blubrry.com\/contrapunkt\/www.contrapunktonline.de\/content\/wp-content\/uploads\/2013\/10\/cp40-07.mp3\" title=\"Play\" onclick=\"return powerpress_embed_html5a('5389','http:\/\/media.blubrry.com\/contrapunkt\/www.contrapunktonline.de\/content\/wp-content\/uploads\/2013\/10\/cp40-07.mp3');\" target=\"_blank\"><img decoding=\"async\" src=\"http:\/\/www.contrapunktonline.de\/content\/wp-content\/uploads\/powerpress\/play.gif\" title=\"Play\" alt=\"Play\" style=\"border:0;\" \/><\/a><\/div>\n<\/p>\n<p><strong>Live-Musik mit dem DoelenKwartet<\/strong><br \/>\nHans Erich Apostel: Streichquartett No.1 op. 7 (1935), Vierter Satz \u201eLargo Assai\u201c<br \/>\n<div class=\"powerpress_player\" id=\"powerpress_player_5390\"><a href=\"http:\/\/media.blubrry.com\/contrapunkt\/www.contrapunktonline.de\/content\/wp-content\/uploads\/2013\/10\/cp40-08.mp3\" title=\"Play\" onclick=\"return powerpress_embed_html5a('5390','http:\/\/media.blubrry.com\/contrapunkt\/www.contrapunktonline.de\/content\/wp-content\/uploads\/2013\/10\/cp40-08.mp3');\" target=\"_blank\"><img decoding=\"async\" src=\"http:\/\/www.contrapunktonline.de\/content\/wp-content\/uploads\/powerpress\/play.gif\" title=\"Play\" alt=\"Play\" style=\"border:0;\" \/><\/a><\/div>\n<\/p>\n<div class=\"shariff shariff-align-left shariff-widget-align-left\"><div class=\"ShariffHeadline\"> <\/div><ul class=\"shariff-buttons theme-default orientation-horizontal buttonsize-medium\"><li class=\"shariff-button bluesky shariff-nocustomcolor\" style=\"background-color:#84c4ff\"><a href=\"https:\/\/bsky.app\/intent\/compose?text=40%20%E2%80%93%20Niederlande%3A%20Innovation%20in%20der%20Krise%3F https%3A%2F%2Fwww.contrapunktonline.de%2Fcontent%2F40-niederlande-innovation-in-der-krise%2F \" title=\"Bei Bluesky teilen\" aria-label=\"Bei Bluesky teilen\" role=\"button\" rel=\"noopener nofollow\" class=\"shariff-link\" style=\"; background-color:#0085ff; color:#fff\" target=\"_blank\"><span class=\"shariff-icon\" style=\"\"><svg width=\"20\" height=\"20\" version=\"1.1\" xmlns=\"http:\/\/www.w3.org\/2000\/svg\" viewBox=\"0 0 20 20\"><path class=\"st0\" d=\"M4.89,3.12c2.07,1.55,4.3,4.71,5.11,6.4.82-1.69,3.04-4.84,5.11-6.4,1.49-1.12,3.91-1.99,3.91.77,0,.55-.32,4.63-.5,5.3-.64,2.3-2.99,2.89-5.08,2.54,3.65.62,4.58,2.68,2.57,4.74-3.81,3.91-5.48-.98-5.9-2.23-.08-.23-.11-.34-.12-.25,0-.09-.04.02-.12.25-.43,1.25-2.09,6.14-5.9,2.23-2.01-2.06-1.08-4.12,2.57-4.74-2.09.36-4.44-.23-5.08-2.54-.19-.66-.5-4.74-.5-5.3,0-2.76,2.42-1.89,3.91-.77h0Z\"\/><\/svg><\/span><span class=\"shariff-text\">teilen<\/span>&nbsp;<\/a><\/li><li class=\"shariff-button mastodon shariff-nocustomcolor\" style=\"background-color:#563ACC\"><a href=\"https:\/\/s2f.kytta.dev\/?text=40%20%E2%80%93%20Niederlande%3A%20Innovation%20in%20der%20Krise%3F https%3A%2F%2Fwww.contrapunktonline.de%2Fcontent%2F40-niederlande-innovation-in-der-krise%2F\" title=\"Bei Mastodon teilen\" aria-label=\"Bei Mastodon teilen\" role=\"button\" rel=\"noopener nofollow\" class=\"shariff-link\" style=\"; background-color:#6364FF; color:#fff\" target=\"_blank\"><span class=\"shariff-icon\" style=\"\"><svg width=\"75\" height=\"79\" viewBox=\"0 0 75 79\" fill=\"none\" xmlns=\"http:\/\/www.w3.org\/2000\/svg\"><path d=\"M37.813-.025C32.462-.058 27.114.13 21.79.598c-8.544.621-17.214 5.58-20.203 13.931C-1.12 23.318.408 32.622.465 41.65c.375 7.316.943 14.78 3.392 21.73 4.365 9.465 14.781 14.537 24.782 15.385 7.64.698 15.761-.213 22.517-4.026a54.1 54.1 0 0 0 .01-6.232c-6.855 1.316-14.101 2.609-21.049 1.074-3.883-.88-6.876-4.237-7.25-8.215-1.53-3.988 3.78-.43 5.584-.883 9.048 1.224 18.282.776 27.303-.462 7.044-.837 14.26-4.788 16.65-11.833 2.263-6.135 1.215-12.79 1.698-19.177.06-3.84.09-7.692-.262-11.52C72.596 7.844 63.223.981 53.834.684a219.453 219.453 0 0 0-16.022-.71zm11.294 12.882c5.5-.067 10.801 4.143 11.67 9.653.338 1.48.471 3 .471 4.515v21.088h-8.357c-.07-7.588.153-15.182-.131-22.765-.587-4.368-7.04-5.747-9.672-2.397-2.422 3.04-1.47 7.155-1.67 10.735v6.392h-8.307c-.146-4.996.359-10.045-.404-15.002-1.108-4.218-7.809-5.565-10.094-1.666-1.685 3.046-.712 6.634-.976 9.936v14.767h-8.354c.109-8.165-.238-16.344.215-24.5.674-5.346 5.095-10.389 10.676-10.627 4.902-.739 10.103 2.038 12.053 6.631.375 1.435 1.76 1.932 1.994.084 1.844-3.704 5.501-6.739 9.785-6.771.367-.044.735-.068 1.101-.073z\"\/><defs><linearGradient id=\"paint0_linear_549_34\" x1=\"37.0692\" y1=\"0\" x2=\"37.0692\" y2=\"79\" gradientUnits=\"userSpaceOnUse\"><stop stop-color=\"#6364FF\"\/><stop offset=\"1\" stop-color=\"#563ACC\"\/><\/linearGradient><\/defs><\/svg><\/span><span class=\"shariff-text\">teilen<\/span>&nbsp;<\/a><\/li><li class=\"shariff-button info shariff-nocustomcolor\" style=\"background-color:#eee\"><a href=\"http:\/\/ct.de\/-2467514\" title=\"Weitere Informationen\" aria-label=\"Weitere Informationen\" role=\"button\" rel=\"noopener \" class=\"shariff-link\" style=\"; background-color:#fff; color:#fff\" target=\"_blank\"><span class=\"shariff-icon\" style=\"\"><svg width=\"32px\" height=\"20px\" xmlns=\"http:\/\/www.w3.org\/2000\/svg\" viewBox=\"0 0 11 32\"><path fill=\"#999\" d=\"M11.4 24v2.3q0 0.5-0.3 0.8t-0.8 0.4h-9.1q-0.5 0-0.8-0.4t-0.4-0.8v-2.3q0-0.5 0.4-0.8t0.8-0.4h1.1v-6.8h-1.1q-0.5 0-0.8-0.4t-0.4-0.8v-2.3q0-0.5 0.4-0.8t0.8-0.4h6.8q0.5 0 0.8 0.4t0.4 0.8v10.3h1.1q0.5 0 0.8 0.4t0.3 0.8zM9.2 3.4v3.4q0 0.5-0.4 0.8t-0.8 0.4h-4.6q-0.4 0-0.8-0.4t-0.4-0.8v-3.4q0-0.4 0.4-0.8t0.8-0.4h4.6q0.5 0 0.8 0.4t0.4 0.8z\"\/><\/svg><\/span><\/a><\/li><\/ul><\/div>","protected":false},"excerpt":{"rendered":"<p>Die Niederlande sind f\u00fcr uns Deutsche ein vertrauter Nachbar. Man mag sich und wei\u00df doch um gewisse Mentalit\u00e4tsunterschiede, wei\u00df auch, wie man sich zu den gegenseitig gepflegten Stereotypen verh\u00e4lt. Immer wieder faszinierend ist die F\u00e4higkeit der Niederl\u00e4nder, Altes und Neues m\u00fchelos miteinander zu kombinieren.<\/p>\n<p>Ein Abend im Goethe-Institut mit Konzert und Diskussion ab 19:30 \u2013 und live im Bayerischen Rundfunk auf BR -KLASSIK (21:03 \u2013 22:00 Uhr). Live aus dem Goethe-Forum M\u00fcnchen 24.10.2013, BR-KLASSIK 21.03-22.00 Uhr<\/p>\n","protected":false},"author":1,"featured_media":0,"comment_status":"closed","ping_status":"closed","sticky":false,"template":"","format":"standard","meta":{"ngg_post_thumbnail":0,"_jetpack_memberships_contains_paid_content":false,"footnotes":""},"categories":[16,5,10],"tags":[95,97,19,98,96,94,100,46],"class_list":["post-505","post","type-post","status-publish","format-standard","hentry","category-br-klassik","category-dialog-der-kulturen","category-goethe-institut","tag-barbara-honrath","tag-doelenkwartet","tag-europa","tag-jochem-valkenburg","tag-kees-vlaardingerbroek","tag-niederlande","tag-streichquartett","tag-westeuropa"],"jetpack_featured_media_url":"","jetpack_sharing_enabled":true,"_links":{"self":[{"href":"https:\/\/www.contrapunktonline.de\/content\/wp-json\/wp\/v2\/posts\/505","targetHints":{"allow":["GET"]}}],"collection":[{"href":"https:\/\/www.contrapunktonline.de\/content\/wp-json\/wp\/v2\/posts"}],"about":[{"href":"https:\/\/www.contrapunktonline.de\/content\/wp-json\/wp\/v2\/types\/post"}],"author":[{"embeddable":true,"href":"https:\/\/www.contrapunktonline.de\/content\/wp-json\/wp\/v2\/users\/1"}],"replies":[{"embeddable":true,"href":"https:\/\/www.contrapunktonline.de\/content\/wp-json\/wp\/v2\/comments?post=505"}],"version-history":[{"count":5,"href":"https:\/\/www.contrapunktonline.de\/content\/wp-json\/wp\/v2\/posts\/505\/revisions"}],"predecessor-version":[{"id":521,"href":"https:\/\/www.contrapunktonline.de\/content\/wp-json\/wp\/v2\/posts\/505\/revisions\/521"}],"wp:attachment":[{"href":"https:\/\/www.contrapunktonline.de\/content\/wp-json\/wp\/v2\/media?parent=505"}],"wp:term":[{"taxonomy":"category","embeddable":true,"href":"https:\/\/www.contrapunktonline.de\/content\/wp-json\/wp\/v2\/categories?post=505"},{"taxonomy":"post_tag","embeddable":true,"href":"https:\/\/www.contrapunktonline.de\/content\/wp-json\/wp\/v2\/tags?post=505"}],"curies":[{"name":"wp","href":"https:\/\/api.w.org\/{rel}","templated":true}]}}