{"id":531,"date":"2014-04-28T14:58:13","date_gmt":"2014-04-28T12:58:13","guid":{"rendered":"http:\/\/www.contrapunktonline.de\/content\/?p=531"},"modified":"2017-10-09T09:02:21","modified_gmt":"2017-10-09T07:02:21","slug":"41-spanien-mehr-als-de-falla-und-flamenco","status":"publish","type":"post","link":"https:\/\/www.contrapunktonline.de\/content\/41-spanien-mehr-als-de-falla-und-flamenco\/","title":{"rendered":"41 \u2013 Spanien: \u201eMehr als de Falla und Flamenco\u201c"},"content":{"rendered":"<div id=\"attachment_532\" style=\"width: 310px\" class=\"wp-caption alignright\"><a href=\"http:\/\/www.contrapunktonline.de\/content\/wp-content\/uploads\/2014\/04\/spanien.png\"><img loading=\"lazy\" decoding=\"async\" aria-describedby=\"caption-attachment-532\" class=\"size-medium wp-image-532\" src=\"http:\/\/www.contrapunktonline.de\/content\/wp-content\/uploads\/2014\/04\/spanien-300x200.png\" alt=\"Flagge Spaniens\" width=\"300\" height=\"200\" srcset=\"https:\/\/www.contrapunktonline.de\/content\/wp-content\/uploads\/2014\/04\/spanien-300x200.png 300w, https:\/\/www.contrapunktonline.de\/content\/wp-content\/uploads\/2014\/04\/spanien-200x133.png 200w, https:\/\/www.contrapunktonline.de\/content\/wp-content\/uploads\/2014\/04\/spanien-225x150.png 225w, https:\/\/www.contrapunktonline.de\/content\/wp-content\/uploads\/2014\/04\/spanien.png 750w\" sizes=\"auto, (max-width: 300px) 100vw, 300px\" \/><\/a><p id=\"caption-attachment-532\" class=\"wp-caption-text\">Flagge Spaniens<\/p><\/div>\n<p><strong>15.05.2014 \u2013 Goethe-Institut M\u00fcnchen<\/strong><br \/>\nDialog der Kulturen: Ausgabe Nr. 41<br \/>\nModeration: Eva Schrot, Theo Gei\u00dfler<br \/>\nRedaktion: Meret Forster<\/p>\n<p>Spanien hat sehr wechselhafte Erfahrungen mit der EU gemacht: Einerseits l\u00f6ste der EU-Beitritt zum 1.1.1986 einen ungeheuren Innovationsschub aus, in der Kultur, aber auch im Aufbau einer tragf\u00e4higen Infrastruktur des Landes. Andererseits lag darin letztlich auch der Ausl\u00f6ser daf\u00fcr, dass das Land um 2010 in eine Finanzkrise geriet. Wie viele L\u00e4nder Europas hat die viertgr\u00f6\u00dften Volkswirtschaft der EU schwierige Jahre hinter sich. Eine geplatzte Immobilienblase und Fehlinvestitionen haben ihre Spuren hinterlassen. Auch f\u00fcr den Kultursektor ist zu hoffen, dass sich das Land nach den starken Budgetk\u00fcrzungen der letzten Jahre wieder erholen wird. Nicht nur die kleinen Akteure waren betroffen auch die Leuchtt\u00fcrme wie das Museo del Prado und das Madrider Opernhaus Teatro Real, das 2010-2013 von Gerard Mortier geleitet wurde, der im M\u00e4rz dieses Jahres verstarb. Sein Rauswurf in Madrid im September letzten Jahres hat auch zu Protestnoten deutscher Regisseure wie Thomas Oberender (Berliner Festspiele), Matthias Lilienthal (ab 2015\/16 M\u00fcnchner Kammerspiele), Nikolaus Bachler (Bayerische Staatsoper) und anderen gef\u00fchrt.<\/p>\n<p>&#8218;contrapunkt&#8216; wirft einen Blick in die aktuelle und komplexe Kulturlandschaft Spaniens. Zu dieser Komplexit\u00e4t geh\u00f6rt auch, dass die Banken, die entscheidend zur Eurokrise der letzten Jahre beigetragen haben, zugleich diejenigen sind, die f\u00fcr Spaniens Kultur einstehen. Eine besondere Gesetzgebung hatte dazu gef\u00fchrt, dass Banken aus Investitionen in Kultur Verg\u00fcnstigungen zogen. Das zeigte Wirkung. \u2013 Aber nach der Krise ist nicht vor der Krise. Wo stehen wir? Das wollen wir diskutieren.<\/p>\n<h4>Ort<\/h4>\n<p>Goethe-Institut, Zentralverwaltung, Hilmar-Hoffmann Saal, Dachauer Strasse 122.<br \/>\nLive im Bayerischen Rundfunk auf BR-Klassik (21:05 \u2013 22:00 Uhr)<br \/>\nIn Zusammenarbeit mit der neuen musikzeitung und dem Instituto Cervantes in M\u00fcnchen.<\/p>\n<h4>LIVE MUSIK ab 19.30 Uhr<\/h4>\n<p>Musiker (Ema Alexeeva (Geige), David Apell\u00e1niz (Cello), Alberto Rosado (Klavier)) des PluralEnsemble aus Madrid pr\u00e4sentieren Werke von Joaqu\u00edn Turina, Manuel de Falla und Fabi\u00e1n Panisello.<\/p>\n<h4>G\u00e4ste:<\/h4>\n<ul>\n<li>Elena Mendoza, Komponistin<\/li>\n<li>Paul Ingendaay, Autor<\/li>\n<li>Fabi\u00e1n Panisello, Komponist<\/li>\n<\/ul>\n<h4>Podcast der Sendung:<\/h4>\n<audio class=\"wp-audio-shortcode\" id=\"audio-531-1\" preload=\"auto\" style=\"width: 100%;\" controls=\"controls\"><source type=\"audio\/mpeg\" src=\"http:\/\/www.contrapunktonline.de\/content\/wp-content\/uploads\/2014\/04\/cp41.mp3?_=1\" \/><a href=\"http:\/\/www.contrapunktonline.de\/content\/wp-content\/uploads\/2014\/04\/cp41.mp3\">http:\/\/www.contrapunktonline.de\/content\/wp-content\/uploads\/2014\/04\/cp41.mp3<\/a><\/audio>\n<div class=\"wp-playlist wp-audio-playlist wp-playlist-light\">\n\t\t\t<div class=\"wp-playlist-current-item\"><\/div>\n\t\t<audio controls=\"controls\" preload=\"none\" width=\"640\"\n\t\t\t><\/audio>\n\t<div class=\"wp-playlist-next\"><\/div>\n\t<div class=\"wp-playlist-prev\"><\/div>\n\t<noscript>\n\t<ol>\n\t\t<li><a href='https:\/\/www.contrapunktonline.de\/content\/wp-content\/uploads\/2014\/04\/41-01.mp3'>contrapunkt 41: Spanien, Begr\u00fc\u00dfung<\/a><\/li><li><a href='https:\/\/www.contrapunktonline.de\/content\/wp-content\/uploads\/2014\/04\/41-02.mp3'>contrapunkt 41: Spanien: Bericht<\/a><\/li><li><a href='https:\/\/www.contrapunktonline.de\/content\/wp-content\/uploads\/2014\/04\/41-03.mp3'>contrapunkt 41: Spanien: G\u00e4ste<\/a><\/li><li><a href='https:\/\/www.contrapunktonline.de\/content\/wp-content\/uploads\/2014\/04\/41-04.mp3'>contrapunkt 41: Spanien: Musik 1: Manuel de Falla<\/a><\/li><li><a href='https:\/\/www.contrapunktonline.de\/content\/wp-content\/uploads\/2014\/04\/41-05.mp3'>contrapunkt 41: Spanien: Diskussion 1<\/a><\/li><li><a href='https:\/\/www.contrapunktonline.de\/content\/wp-content\/uploads\/2014\/04\/41-06.mp3'>contrapunkt 41: Spanien: Musik 2: Joaquin Turina<\/a><\/li><li><a href='https:\/\/www.contrapunktonline.de\/content\/wp-content\/uploads\/2014\/04\/41-07.mp3'>contrapunkt 41: Spanien: Diskussion 2<\/a><\/li><li><a href='https:\/\/www.contrapunktonline.de\/content\/wp-content\/uploads\/2014\/04\/41-08.mp3'>contrapunkt 41: Spanien: Fabi\u00e1n Panisello<\/a><\/li>\t<\/ol>\n\t<\/noscript>\n\t<script type=\"application\/json\" class=\"wp-playlist-script\">{\"type\":\"audio\",\"tracklist\":true,\"tracknumbers\":true,\"images\":true,\"artists\":true,\"tracks\":[{\"src\":\"https:\/\/www.contrapunktonline.de\/content\/wp-content\/uploads\/2014\/04\/41-01.mp3\",\"type\":\"audio\/mpeg\",\"title\":\"contrapunkt 41: Spanien, Begr\\u00fc\\u00dfung\",\"caption\":\"Begr\\u00fc\\u00dfung durch Theo Gei\\u00dfler und Eva Schrot\\nEinleitung ins Thema\",\"description\":\"\\\"contrapunkt 41: Spanien, Begr\\u00fc\\u00dfung\\\" aus contrapunkt 41: Spanien von BR-KLASSIK. Ver\\u00f6ffentlicht: 2014. Genre: Other.\",\"meta\":{\"artist\":\"BR-KLASSIK\",\"album\":\"contrapunkt 41: Spanien\",\"genre\":\"Other\",\"year\":\"2014\",\"length_formatted\":\"2:30\"},\"image\":{\"src\":\"https:\/\/www.contrapunktonline.de\/content\/wp-content\/uploads\/2014\/05\/cp41-mp3-image.png\",\"width\":184,\"height\":184},\"thumb\":{\"src\":\"https:\/\/www.contrapunktonline.de\/content\/wp-content\/uploads\/2014\/05\/cp41-mp3-image-150x150.png\",\"width\":150,\"height\":150}},{\"src\":\"https:\/\/www.contrapunktonline.de\/content\/wp-content\/uploads\/2014\/04\/41-02.mp3\",\"type\":\"audio\/mpeg\",\"title\":\"contrapunkt 41: Spanien: Bericht\",\"caption\":\"Zur Situation in Spanien\\nARD-Korrespondent Reinhard Spiegelhauer\",\"description\":\"\\\"contrapunkt 41: Spanien: Bericht\\\" aus contrapunkt 41: Spanien von BR-KLASSIK. Ver\\u00f6ffentlicht: 2014. Genre: Other.\",\"meta\":{\"artist\":\"BR-KLASSIK\",\"album\":\"contrapunkt 41: Spanien\",\"genre\":\"Other\",\"year\":\"2014\",\"length_formatted\":\"3:08\"},\"image\":{\"src\":\"https:\/\/www.contrapunktonline.de\/content\/wp-content\/uploads\/2014\/05\/cp41-mp3-image.png\",\"width\":184,\"height\":184},\"thumb\":{\"src\":\"https:\/\/www.contrapunktonline.de\/content\/wp-content\/uploads\/2014\/05\/cp41-mp3-image-150x150.png\",\"width\":150,\"height\":150}},{\"src\":\"https:\/\/www.contrapunktonline.de\/content\/wp-content\/uploads\/2014\/04\/41-03.mp3\",\"type\":\"audio\/mpeg\",\"title\":\"contrapunkt 41: Spanien: G\\u00e4ste\",\"caption\":\"Vorstellung der G\\u00e4ste\\nElena Mendoza, Komponistin +++ Paul Ingendaay, Autor +++ Fabi\\u00e1n Panisello, Komponist\",\"description\":\"\\\"contrapunkt 41: Spanien: G\\u00e4ste\\\" aus contrapunkt 41: Spanien von BR-KLASSIK. Ver\\u00f6ffentlicht: 2014. Genre: Other.\",\"meta\":{\"artist\":\"BR-KLASSIK\",\"album\":\"contrapunkt 41: Spanien\",\"genre\":\"Other\",\"year\":\"2014\",\"length_formatted\":\"7:31\"},\"image\":{\"src\":\"https:\/\/www.contrapunktonline.de\/content\/wp-content\/uploads\/2014\/05\/cp41-mp3-image.png\",\"width\":184,\"height\":184},\"thumb\":{\"src\":\"https:\/\/www.contrapunktonline.de\/content\/wp-content\/uploads\/2014\/05\/cp41-mp3-image-150x150.png\",\"width\":150,\"height\":150}},{\"src\":\"https:\/\/www.contrapunktonline.de\/content\/wp-content\/uploads\/2014\/04\/41-04.mp3\",\"type\":\"audio\/mpeg\",\"title\":\"contrapunkt 41: Spanien: Musik 1: Manuel de Falla\",\"caption\":\"Live-Musik: Manuel de Falla, Sieben spanische Lieder, letzter Satz \\nPluralEnsemble\",\"description\":\"\\\"contrapunkt 41: Spanien: Musik 1: Manuel de Falla\\\" aus contrapunkt 41: Spanien von BR-KLASSIK. Ver\\u00f6ffentlicht: 2014. Genre: Other.\",\"meta\":{\"artist\":\"BR-KLASSIK\",\"album\":\"contrapunkt 41: Spanien\",\"genre\":\"Other\",\"year\":\"2014\",\"length_formatted\":\"3:29\"},\"image\":{\"src\":\"https:\/\/www.contrapunktonline.de\/content\/wp-content\/uploads\/2014\/05\/cp41-mp3-image.png\",\"width\":184,\"height\":184},\"thumb\":{\"src\":\"https:\/\/www.contrapunktonline.de\/content\/wp-content\/uploads\/2014\/05\/cp41-mp3-image-150x150.png\",\"width\":150,\"height\":150}},{\"src\":\"https:\/\/www.contrapunktonline.de\/content\/wp-content\/uploads\/2014\/04\/41-05.mp3\",\"type\":\"audio\/mpeg\",\"title\":\"contrapunkt 41: Spanien: Diskussion 1\",\"caption\":\"Erste Diskussionsrunde\\nZur Kulturgeschichte Spaniens nach vor und nach 1977 +++ Musikausbildung in Spanien +++ Spaniens Banken und die Musikkultur +++ Bedeutung der Musikausbildung +++\",\"description\":\"\\\"contrapunkt 41: Spanien: Diskussion 1\\\" aus contrapunkt 41: Spanien von BR-KLASSIK. Ver\\u00f6ffentlicht: 2014. Genre: Other.\",\"meta\":{\"artist\":\"BR-KLASSIK\",\"album\":\"contrapunkt 41: Spanien\",\"genre\":\"Other\",\"year\":\"2014\",\"length_formatted\":\"17:21\"},\"image\":{\"src\":\"https:\/\/www.contrapunktonline.de\/content\/wp-content\/uploads\/2014\/05\/cp41-mp3-image.png\",\"width\":184,\"height\":184},\"thumb\":{\"src\":\"https:\/\/www.contrapunktonline.de\/content\/wp-content\/uploads\/2014\/05\/cp41-mp3-image-150x150.png\",\"width\":150,\"height\":150}},{\"src\":\"https:\/\/www.contrapunktonline.de\/content\/wp-content\/uploads\/2014\/04\/41-06.mp3\",\"type\":\"audio\/mpeg\",\"title\":\"contrapunkt 41: Spanien: Musik 2: Joaquin Turina\",\"caption\":\"Live-Musik: Joaquin Turina, Trio op. 73, erster Satz\\nPluralEnsemble\",\"description\":\"\\\"contrapunkt 41: Spanien: Musik 2: Joaquin Turina\\\" aus contrapunkt 41: Spanien von BR-KLASSIK. Ver\\u00f6ffentlicht: 2014. Genre: Other.\",\"meta\":{\"artist\":\"BR-KLASSIK\",\"album\":\"contrapunkt 41: Spanien\",\"genre\":\"Other\",\"year\":\"2014\",\"length_formatted\":\"5:55\"},\"image\":{\"src\":\"https:\/\/www.contrapunktonline.de\/content\/wp-content\/uploads\/2014\/05\/cp41-mp3-image.png\",\"width\":184,\"height\":184},\"thumb\":{\"src\":\"https:\/\/www.contrapunktonline.de\/content\/wp-content\/uploads\/2014\/05\/cp41-mp3-image-150x150.png\",\"width\":150,\"height\":150}},{\"src\":\"https:\/\/www.contrapunktonline.de\/content\/wp-content\/uploads\/2014\/04\/41-07.mp3\",\"type\":\"audio\/mpeg\",\"title\":\"contrapunkt 41: Spanien: Diskussion 2\",\"caption\":\"Zweite Diskussionsrunde\\nAustausch im kulturellen Spannungsfeld +++ Analyse einer Komposition +++ Festivals am Rande der Selbstausbeutung +++ Neue Ensembles +++\",\"description\":\"\\\"contrapunkt 41: Spanien: Diskussion 2\\\" aus contrapunkt 41: Spanien von BR-KLASSIK. Ver\\u00f6ffentlicht: 2014. Genre: Other.\",\"meta\":{\"artist\":\"BR-KLASSIK\",\"album\":\"contrapunkt 41: Spanien\",\"genre\":\"Other\",\"year\":\"2014\",\"length_formatted\":\"12:28\"},\"image\":{\"src\":\"https:\/\/www.contrapunktonline.de\/content\/wp-content\/uploads\/2014\/05\/cp41-mp3-image.png\",\"width\":184,\"height\":184},\"thumb\":{\"src\":\"https:\/\/www.contrapunktonline.de\/content\/wp-content\/uploads\/2014\/05\/cp41-mp3-image-150x150.png\",\"width\":150,\"height\":150}},{\"src\":\"https:\/\/www.contrapunktonline.de\/content\/wp-content\/uploads\/2014\/04\/41-08.mp3\",\"type\":\"audio\/mpeg\",\"title\":\"contrapunkt 41: Spanien: Fabi\\u00e1n Panisello\",\"caption\":\"Live-Musik: Fabi\\u00e1n Panisello, \\\"I don't feel low\\\"\\nPluralEnsemble\",\"description\":\"\\\"contrapunkt 41: Spanien: Fabi\\u00e1n Panisello\\\" aus contrapunkt 41: Spanien von BR-KLASSIK. Ver\\u00f6ffentlicht: 2014. Genre: Other.\",\"meta\":{\"artist\":\"BR-KLASSIK\",\"album\":\"contrapunkt 41: Spanien\",\"genre\":\"Other\",\"year\":\"2014\",\"length_formatted\":\"2:23\"},\"image\":{\"src\":\"https:\/\/www.contrapunktonline.de\/content\/wp-content\/uploads\/2014\/05\/cp41-mp3-image.png\",\"width\":184,\"height\":184},\"thumb\":{\"src\":\"https:\/\/www.contrapunktonline.de\/content\/wp-content\/uploads\/2014\/05\/cp41-mp3-image-150x150.png\",\"width\":150,\"height\":150}}]}<\/script>\n<\/div>\n\t\n<div class=\"powerpress_player\" id=\"powerpress_player_8122\"><a href=\"http:\/\/media.blubrry.com\/contrapunkt\/www.contrapunktonline.de\/content\/wp-content\/uploads\/2014\/04\/cp41.mp3\" title=\"Play\" onclick=\"return powerpress_embed_html5a('8122','http:\/\/media.blubrry.com\/contrapunkt\/www.contrapunktonline.de\/content\/wp-content\/uploads\/2014\/04\/cp41.mp3');\" target=\"_blank\"><img decoding=\"async\" src=\"http:\/\/www.contrapunktonline.de\/content\/wp-content\/uploads\/powerpress\/play.gif\" title=\"Play\" alt=\"Play\" style=\"border:0;\" \/><\/a><\/div>\n<p class=\"powerpress_links powerpress_links_mp3\" style=\"margin-bottom: 1px !important;\">Podcast: <a href=\"http:\/\/media.blubrry.com\/contrapunkt\/www.contrapunktonline.de\/content\/wp-content\/uploads\/2014\/04\/cp41.mp3\" class=\"powerpress_link_pinw\" target=\"_blank\" title=\"Play in new window\" onclick=\"return powerpress_pinw('https:\/\/www.contrapunktonline.de\/content\/?powerpress_pinw=531-podcast');\" rel=\"nofollow\">Play in new window<\/a> | <a href=\"http:\/\/media.blubrry.com\/contrapunkt\/www.contrapunktonline.de\/content\/wp-content\/uploads\/2014\/04\/cp41.mp3\" class=\"powerpress_link_d\" title=\"Download\" rel=\"nofollow\" download=\"cp41.mp3\">Download<\/a> (Duration: 54:46 &#8212; 50.2MB)<\/p><p class=\"powerpress_links powerpress_subscribe_links\">Subscribe: <a href=\"https:\/\/www.contrapunktonline.de\/content\/feed\/podcast\/\" class=\"powerpress_link_subscribe powerpress_link_subscribe_rss\" target=\"_blank\" title=\"Subscribe via RSS\" rel=\"nofollow\">RSS<\/a><\/p><!--powerpress_player--><div class=\"shariff shariff-align-left shariff-widget-align-left\"><div class=\"ShariffHeadline\"> <\/div><ul class=\"shariff-buttons theme-default orientation-horizontal buttonsize-medium\"><li class=\"shariff-button bluesky shariff-nocustomcolor\" style=\"background-color:#84c4ff\"><a href=\"https:\/\/bsky.app\/intent\/compose?text=41%20%E2%80%93%20Spanien%3A%20%E2%80%9EMehr%20als%20de%20Falla%20und%20Flamenco%E2%80%9C https%3A%2F%2Fwww.contrapunktonline.de%2Fcontent%2F41-spanien-mehr-als-de-falla-und-flamenco%2F \" title=\"Bei Bluesky teilen\" aria-label=\"Bei Bluesky teilen\" role=\"button\" rel=\"noopener nofollow\" class=\"shariff-link\" style=\"; background-color:#0085ff; color:#fff\" target=\"_blank\"><span class=\"shariff-icon\" style=\"\"><svg width=\"20\" height=\"20\" version=\"1.1\" xmlns=\"http:\/\/www.w3.org\/2000\/svg\" viewBox=\"0 0 20 20\"><path class=\"st0\" d=\"M4.89,3.12c2.07,1.55,4.3,4.71,5.11,6.4.82-1.69,3.04-4.84,5.11-6.4,1.49-1.12,3.91-1.99,3.91.77,0,.55-.32,4.63-.5,5.3-.64,2.3-2.99,2.89-5.08,2.54,3.65.62,4.58,2.68,2.57,4.74-3.81,3.91-5.48-.98-5.9-2.23-.08-.23-.11-.34-.12-.25,0-.09-.04.02-.12.25-.43,1.25-2.09,6.14-5.9,2.23-2.01-2.06-1.08-4.12,2.57-4.74-2.09.36-4.44-.23-5.08-2.54-.19-.66-.5-4.74-.5-5.3,0-2.76,2.42-1.89,3.91-.77h0Z\"\/><\/svg><\/span><span class=\"shariff-text\">teilen<\/span>&nbsp;<\/a><\/li><li class=\"shariff-button mastodon shariff-nocustomcolor\" style=\"background-color:#563ACC\"><a href=\"https:\/\/s2f.kytta.dev\/?text=41%20%E2%80%93%20Spanien%3A%20%E2%80%9EMehr%20als%20de%20Falla%20und%20Flamenco%E2%80%9C https%3A%2F%2Fwww.contrapunktonline.de%2Fcontent%2F41-spanien-mehr-als-de-falla-und-flamenco%2F\" title=\"Bei Mastodon teilen\" aria-label=\"Bei Mastodon teilen\" role=\"button\" rel=\"noopener nofollow\" class=\"shariff-link\" style=\"; background-color:#6364FF; color:#fff\" target=\"_blank\"><span class=\"shariff-icon\" style=\"\"><svg width=\"75\" height=\"79\" viewBox=\"0 0 75 79\" fill=\"none\" xmlns=\"http:\/\/www.w3.org\/2000\/svg\"><path d=\"M37.813-.025C32.462-.058 27.114.13 21.79.598c-8.544.621-17.214 5.58-20.203 13.931C-1.12 23.318.408 32.622.465 41.65c.375 7.316.943 14.78 3.392 21.73 4.365 9.465 14.781 14.537 24.782 15.385 7.64.698 15.761-.213 22.517-4.026a54.1 54.1 0 0 0 .01-6.232c-6.855 1.316-14.101 2.609-21.049 1.074-3.883-.88-6.876-4.237-7.25-8.215-1.53-3.988 3.78-.43 5.584-.883 9.048 1.224 18.282.776 27.303-.462 7.044-.837 14.26-4.788 16.65-11.833 2.263-6.135 1.215-12.79 1.698-19.177.06-3.84.09-7.692-.262-11.52C72.596 7.844 63.223.981 53.834.684a219.453 219.453 0 0 0-16.022-.71zm11.294 12.882c5.5-.067 10.801 4.143 11.67 9.653.338 1.48.471 3 .471 4.515v21.088h-8.357c-.07-7.588.153-15.182-.131-22.765-.587-4.368-7.04-5.747-9.672-2.397-2.422 3.04-1.47 7.155-1.67 10.735v6.392h-8.307c-.146-4.996.359-10.045-.404-15.002-1.108-4.218-7.809-5.565-10.094-1.666-1.685 3.046-.712 6.634-.976 9.936v14.767h-8.354c.109-8.165-.238-16.344.215-24.5.674-5.346 5.095-10.389 10.676-10.627 4.902-.739 10.103 2.038 12.053 6.631.375 1.435 1.76 1.932 1.994.084 1.844-3.704 5.501-6.739 9.785-6.771.367-.044.735-.068 1.101-.073z\"\/><defs><linearGradient id=\"paint0_linear_549_34\" x1=\"37.0692\" y1=\"0\" x2=\"37.0692\" y2=\"79\" gradientUnits=\"userSpaceOnUse\"><stop stop-color=\"#6364FF\"\/><stop offset=\"1\" stop-color=\"#563ACC\"\/><\/linearGradient><\/defs><\/svg><\/span><span class=\"shariff-text\">teilen<\/span>&nbsp;<\/a><\/li><li class=\"shariff-button info shariff-nocustomcolor\" style=\"background-color:#eee\"><a href=\"http:\/\/ct.de\/-2467514\" title=\"Weitere Informationen\" aria-label=\"Weitere Informationen\" role=\"button\" rel=\"noopener \" class=\"shariff-link\" style=\"; background-color:#fff; color:#fff\" target=\"_blank\"><span class=\"shariff-icon\" style=\"\"><svg width=\"32px\" height=\"20px\" xmlns=\"http:\/\/www.w3.org\/2000\/svg\" viewBox=\"0 0 11 32\"><path fill=\"#999\" d=\"M11.4 24v2.3q0 0.5-0.3 0.8t-0.8 0.4h-9.1q-0.5 0-0.8-0.4t-0.4-0.8v-2.3q0-0.5 0.4-0.8t0.8-0.4h1.1v-6.8h-1.1q-0.5 0-0.8-0.4t-0.4-0.8v-2.3q0-0.5 0.4-0.8t0.8-0.4h6.8q0.5 0 0.8 0.4t0.4 0.8v10.3h1.1q0.5 0 0.8 0.4t0.3 0.8zM9.2 3.4v3.4q0 0.5-0.4 0.8t-0.8 0.4h-4.6q-0.4 0-0.8-0.4t-0.4-0.8v-3.4q0-0.4 0.4-0.8t0.8-0.4h4.6q0.5 0 0.8 0.4t0.4 0.8z\"\/><\/svg><\/span><\/a><\/li><\/ul><\/div>","protected":false},"excerpt":{"rendered":"<p>Ein Blick in die komplexe Kulturlandschaft Spaniens. Dazu geh\u00f6rt auch, da\u00df die Banken, die entscheidend zur Eurokrise der letzten Jahre beigetragen haben, zugleich diejenigen sind, die f\u00fcr Spaniens Kultur einstehen. Die Gesetzgebung hatte dazu gef\u00fchrt, dass Banken aus Investitionen in Kultur Verg\u00fcnstigungen zogen. Das zeigte Wirkung. \u2013 <\/p>\n<p>Ein Abend im Goethe-Institut mit Konzert und Diskussion ab 19:30 \u2013 und live im Bayerischen Rundfunk auf BR-KLASSIK (21:05 \u2013 22:00 Uhr). Live aus dem Goethe-Forum M\u00fcnchen 15.05.2014<\/p>\n","protected":false},"author":1,"featured_media":0,"comment_status":"closed","ping_status":"closed","sticky":false,"template":"","format":"standard","meta":{"ngg_post_thumbnail":0,"_jetpack_memberships_contains_paid_content":false,"footnotes":""},"categories":[16,5,10],"tags":[19,103,102,101,47,46],"class_list":["post-531","post","type-post","status-publish","format-standard","hentry","category-br-klassik","category-dialog-der-kulturen","category-goethe-institut","tag-europa","tag-finanzkrise","tag-mittelmeer","tag-spanien","tag-sudeuropa","tag-westeuropa"],"jetpack_featured_media_url":"","jetpack_sharing_enabled":true,"_links":{"self":[{"href":"https:\/\/www.contrapunktonline.de\/content\/wp-json\/wp\/v2\/posts\/531","targetHints":{"allow":["GET"]}}],"collection":[{"href":"https:\/\/www.contrapunktonline.de\/content\/wp-json\/wp\/v2\/posts"}],"about":[{"href":"https:\/\/www.contrapunktonline.de\/content\/wp-json\/wp\/v2\/types\/post"}],"author":[{"embeddable":true,"href":"https:\/\/www.contrapunktonline.de\/content\/wp-json\/wp\/v2\/users\/1"}],"replies":[{"embeddable":true,"href":"https:\/\/www.contrapunktonline.de\/content\/wp-json\/wp\/v2\/comments?post=531"}],"version-history":[{"count":10,"href":"https:\/\/www.contrapunktonline.de\/content\/wp-json\/wp\/v2\/posts\/531\/revisions"}],"predecessor-version":[{"id":645,"href":"https:\/\/www.contrapunktonline.de\/content\/wp-json\/wp\/v2\/posts\/531\/revisions\/645"}],"wp:attachment":[{"href":"https:\/\/www.contrapunktonline.de\/content\/wp-json\/wp\/v2\/media?parent=531"}],"wp:term":[{"taxonomy":"category","embeddable":true,"href":"https:\/\/www.contrapunktonline.de\/content\/wp-json\/wp\/v2\/categories?post=531"},{"taxonomy":"post_tag","embeddable":true,"href":"https:\/\/www.contrapunktonline.de\/content\/wp-json\/wp\/v2\/tags?post=531"}],"curies":[{"name":"wp","href":"https:\/\/api.w.org\/{rel}","templated":true}]}}