{"id":559,"date":"2014-10-13T16:55:17","date_gmt":"2014-10-13T14:55:17","guid":{"rendered":"http:\/\/www.contrapunktonline.de\/content\/?p=559"},"modified":"2014-11-13T22:38:15","modified_gmt":"2014-11-13T21:38:15","slug":"42-aegypten-im-umbruch","status":"publish","type":"post","link":"https:\/\/www.contrapunktonline.de\/content\/42-aegypten-im-umbruch\/","title":{"rendered":"42 \u2013 \u00c4gypten \u2013 im Umbruch"},"content":{"rendered":"<div id=\"attachment_560\" style=\"width: 310px\" class=\"wp-caption alignright\"><a href=\"http:\/\/www.contrapunktonline.de\/content\/wp-content\/uploads\/2014\/10\/aegypten.jpg\"><img loading=\"lazy\" decoding=\"async\" aria-describedby=\"caption-attachment-560\" class=\"wp-image-560 size-medium\" src=\"http:\/\/www.contrapunktonline.de\/content\/wp-content\/uploads\/2014\/10\/aegypten-300x199.jpg\" alt=\"Flagge von \u00c4gypten\" width=\"300\" height=\"199\" srcset=\"https:\/\/www.contrapunktonline.de\/content\/wp-content\/uploads\/2014\/10\/aegypten-300x200.jpg 300w, https:\/\/www.contrapunktonline.de\/content\/wp-content\/uploads\/2014\/10\/aegypten-200x133.jpg 200w, https:\/\/www.contrapunktonline.de\/content\/wp-content\/uploads\/2014\/10\/aegypten-225x150.jpg 225w, https:\/\/www.contrapunktonline.de\/content\/wp-content\/uploads\/2014\/10\/aegypten.jpg 512w\" sizes=\"auto, (max-width: 300px) 100vw, 300px\" \/><\/a><p id=\"caption-attachment-560\" class=\"wp-caption-text\">Flagge von \u00c4gypten<\/p><\/div>\n<p><strong>13.11.2014 \u2013 Goethe-Institut M\u00fcnchen<\/strong><br \/>\nDialog der Kulturen: Ausgabe Nr. 42<br \/>\nModeration: Eva Schrot, Theo Gei\u00dfler<br \/>\nRedaktion: Meret Forster<\/p>\n<p>Es ist schwierig zu beurteilen, wo \u00c4gypten heute steht: Die Euphorie, die \u00c4gyptens Revolution 2011 befl\u00fcgelte, ist l\u00e4ngst verflogen und einer gr\u00fcndlichen Ern\u00fcchterung gewichen. Es scheint sich ein Bed\u00fcrfnis nach geordneten Verh\u00e4ltnissen und Normalit\u00e4t durchzusetzen. Bei allem, was fragil ist, eines aber ist erreicht: es gibt eine \u00d6ffentlichkeit, es gibt den Mut, sich \u00f6ffentlich zu \u00e4u\u00dfern, und das l\u00e4sst sich schwerlich auf die Zust\u00e4nde vor der Revolution zur\u00fcckschrauben. Die Erfahrung der Macht der B\u00fcrger ist seither unhintergehbar. Was das f\u00fcr das k\u00fcnstlerische Schaffen bedeutet, steht im Mittelpunkt dieser contrapunkt-Sendung. Dabei geht es auch um die Frage, inwieweit die neue Situation ganz andere M\u00f6glichkeiten und neue Zug\u00e4nge zu internationalen Kontexten er\u00f6ffnet hat.<\/p>\n<h4>Musik:<\/h4>\n<p>Das Neue Ensemble spielt Werke von Amr Okba, Nahla Matar, Hassan Khan, Halim El-Dabh, Wael Sami und Mahmoud Refat<\/p>\n<h4>PODIUMSDISKUSSION AB 21.00 UHR MIT:<\/h4>\n<ul>\n<li>Viola Shafik, Filmemacherin<\/li>\n<li>Amr Okba, Komponist<\/li>\n<li>Oliver Schneller, Musikwissenschaftler und Komponist<\/li>\n<\/ul>\n<p>Eintritt frei<\/p>\n<h4>Podcast der Sendung:<\/h4>\n<div class=\"powerpress_player\" id=\"powerpress_player_9491\"><a href=\"http:\/\/media.blubrry.com\/contrapunkt\/www.contrapunktonline.de\/content\/wp-content\/uploads\/2014\/10\/cp42-podcast.mp3\" title=\"Play\" onclick=\"return powerpress_embed_html5a('9491','http:\/\/media.blubrry.com\/contrapunkt\/www.contrapunktonline.de\/content\/wp-content\/uploads\/2014\/10\/cp42-podcast.mp3');\" target=\"_blank\"><img decoding=\"async\" src=\"http:\/\/www.contrapunktonline.de\/content\/wp-content\/uploads\/powerpress\/play.gif\" title=\"Play\" alt=\"Play\" style=\"border:0;\" \/><\/a><\/div>\n\n<div class=\"wp-playlist wp-audio-playlist wp-playlist-light\">\n\t\t\t<div class=\"wp-playlist-current-item\"><\/div>\n\t\t<audio controls=\"controls\" preload=\"none\" width=\"640\"\n\t\t\t><\/audio>\n\t<div class=\"wp-playlist-next\"><\/div>\n\t<div class=\"wp-playlist-prev\"><\/div>\n\t<noscript>\n\t<ol>\n\t\t<li><a href='https:\/\/www.contrapunktonline.de\/content\/wp-content\/uploads\/2014\/10\/42-01.mp3'>Begr\u00fc\u00dfung und Einf\u00fchrung ins Thema<\/a><\/li><li><a href='https:\/\/www.contrapunktonline.de\/content\/wp-content\/uploads\/2014\/10\/42-02.mp3'>Bericht aus \u00c4gypten, ARD-Korrespondent J\u00fcrgen Stryjak<\/a><\/li><li><a href='https:\/\/www.contrapunktonline.de\/content\/wp-content\/uploads\/2014\/10\/42-03.mp3'>Vorstellung der G\u00e4ste: Amr Okba, Viola Shafik und Oliver Schneller <\/a><\/li><li><a href='https:\/\/www.contrapunktonline.de\/content\/wp-content\/uploads\/2014\/10\/42-04.mp3'>Halim El-Dabh: \u201eWire Recorder Piece\u201c  (Elektroakustische Komposition)<\/a><\/li><li><a href='https:\/\/www.contrapunktonline.de\/content\/wp-content\/uploads\/2014\/10\/42-05.mp3'>Erste Diskussionsrunde<\/a><\/li><li><a href='https:\/\/www.contrapunktonline.de\/content\/wp-content\/uploads\/2014\/10\/42-06.mp3'>Nahla Mattar: \u201eEgyptian Miniatures\u201c  f\u00fcr Klavier op 10. Nr. 5 (Christoph Hahn, Klavier)<\/a><\/li><li><a href='https:\/\/www.contrapunktonline.de\/content\/wp-content\/uploads\/2014\/10\/42-07.mp3'>Zweite Disskussionsrunde<\/a><\/li><li><a href='https:\/\/www.contrapunktonline.de\/content\/wp-content\/uploads\/2014\/10\/42-08.mp3'>Amr Okba: \u201eIntegration\u201c f\u00fcr Fl\u00f6te, Violine, Violoncello und Piano<\/a><\/li>\t<\/ol>\n\t<\/noscript>\n\t<script type=\"application\/json\" class=\"wp-playlist-script\">{\"type\":\"audio\",\"tracklist\":true,\"tracknumbers\":true,\"images\":true,\"artists\":true,\"tracks\":[{\"src\":\"https:\/\/www.contrapunktonline.de\/content\/wp-content\/uploads\/2014\/10\/42-01.mp3\",\"type\":\"audio\/mpeg\",\"title\":\"Begr\\u00fc\\u00dfung und Einf\\u00fchrung ins Thema\",\"caption\":\"\",\"description\":\"\\\"Begr\\u00fc\\u00dfung und Einf\\u00fchrung ins Thema\\\" aus contrapunkt 42 - \\u00c4gypten von Theo Geissler und Eva Schrot. Ver\\u00f6ffentlicht: 2014. Titel 1. Genre: Diskussion.\",\"meta\":{\"artist\":\"Theo Geissler und Eva Schrot\",\"album\":\"contrapunkt 42 - \\u00c4gypten\",\"genre\":\"Diskussion\",\"year\":\"2014\",\"length_formatted\":\"2:55\"},\"image\":{\"src\":\"https:\/\/www.contrapunktonline.de\/content\/wp-includes\/images\/media\/audio.svg\",\"width\":48,\"height\":64},\"thumb\":{\"src\":\"https:\/\/www.contrapunktonline.de\/content\/wp-includes\/images\/media\/audio.svg\",\"width\":48,\"height\":64}},{\"src\":\"https:\/\/www.contrapunktonline.de\/content\/wp-content\/uploads\/2014\/10\/42-02.mp3\",\"type\":\"audio\/mpeg\",\"title\":\"Bericht aus \\u00c4gypten, ARD-Korrespondent J\\u00fcrgen Stryjak\",\"caption\":\"\",\"description\":\"\\\"Bericht aus \\u00c4gypten, ARD-Korrespondent J\\u00fcrgen Stryjak\\\" aus contrapunkt 42 - \\u00c4gypten von  J\\u00fcrgen Stryjak. Ver\\u00f6ffentlicht: 2014. Titel 2. Genre: Diskussion.\",\"meta\":{\"artist\":\" J\\u00fcrgen Stryjak\",\"album\":\"contrapunkt 42 - \\u00c4gypten\",\"genre\":\"Diskussion\",\"year\":\"2014\",\"length_formatted\":\"3:45\"},\"image\":{\"src\":\"https:\/\/www.contrapunktonline.de\/content\/wp-includes\/images\/media\/audio.svg\",\"width\":48,\"height\":64},\"thumb\":{\"src\":\"https:\/\/www.contrapunktonline.de\/content\/wp-includes\/images\/media\/audio.svg\",\"width\":48,\"height\":64}},{\"src\":\"https:\/\/www.contrapunktonline.de\/content\/wp-content\/uploads\/2014\/10\/42-03.mp3\",\"type\":\"audio\/mpeg\",\"title\":\"Vorstellung der G\\u00e4ste: Amr Okba, Viola Shafik und Oliver Schneller \",\"caption\":\"\",\"description\":\"\\\"Vorstellung der G\\u00e4ste: Amr Okba, Viola Shafik und Oliver Schneller \\\" aus contrapunkt 42 - \\u00c4gypten von Theo Geissler und Eva Schrot. Ver\\u00f6ffentlicht: 2014. Titel 3. Genre: Diskussion.\",\"meta\":{\"artist\":\"Theo Geissler und Eva Schrot\",\"album\":\"contrapunkt 42 - \\u00c4gypten\",\"genre\":\"Diskussion\",\"year\":\"2014\",\"length_formatted\":\"13:13\"},\"image\":{\"src\":\"https:\/\/www.contrapunktonline.de\/content\/wp-includes\/images\/media\/audio.svg\",\"width\":48,\"height\":64},\"thumb\":{\"src\":\"https:\/\/www.contrapunktonline.de\/content\/wp-includes\/images\/media\/audio.svg\",\"width\":48,\"height\":64}},{\"src\":\"https:\/\/www.contrapunktonline.de\/content\/wp-content\/uploads\/2014\/10\/42-04.mp3\",\"type\":\"audio\/mpeg\",\"title\":\"Halim El-Dabh: \\u201eWire Recorder Piece\\u201c  (Elektroakustische Komposition)\",\"caption\":\"\",\"description\":\"\\\"Halim El-Dabh: \\u201eWire Recorder Piece\\u201c  (Elektroakustische Komposition)\\\" aus contrapunkt 42 - \\u00c4gypten von Theo Geissler und Eva Schrot. Ver\\u00f6ffentlicht: 2014. Titel 4. Genre: Diskussion.\",\"meta\":{\"artist\":\"Theo Geissler und Eva Schrot\",\"album\":\"contrapunkt 42 - \\u00c4gypten\",\"genre\":\"Diskussion\",\"year\":\"2014\",\"length_formatted\":\"1:48\"},\"image\":{\"src\":\"https:\/\/www.contrapunktonline.de\/content\/wp-includes\/images\/media\/audio.svg\",\"width\":48,\"height\":64},\"thumb\":{\"src\":\"https:\/\/www.contrapunktonline.de\/content\/wp-includes\/images\/media\/audio.svg\",\"width\":48,\"height\":64}},{\"src\":\"https:\/\/www.contrapunktonline.de\/content\/wp-content\/uploads\/2014\/10\/42-05.mp3\",\"type\":\"audio\/mpeg\",\"title\":\"Erste Diskussionsrunde\",\"caption\":\"\",\"description\":\"\\\"Erste Diskussionsrunde\\\" aus contrapunkt 42 - \\u00c4gypten von Theo Geissler und Eva Schrot. Ver\\u00f6ffentlicht: 2014. Titel 5. Genre: Diskussion.\",\"meta\":{\"artist\":\"Theo Geissler und Eva Schrot\",\"album\":\"contrapunkt 42 - \\u00c4gypten\",\"genre\":\"Diskussion\",\"year\":\"2014\",\"length_formatted\":\"14:04\"},\"image\":{\"src\":\"https:\/\/www.contrapunktonline.de\/content\/wp-includes\/images\/media\/audio.svg\",\"width\":48,\"height\":64},\"thumb\":{\"src\":\"https:\/\/www.contrapunktonline.de\/content\/wp-includes\/images\/media\/audio.svg\",\"width\":48,\"height\":64}},{\"src\":\"https:\/\/www.contrapunktonline.de\/content\/wp-content\/uploads\/2014\/10\/42-06.mp3\",\"type\":\"audio\/mpeg\",\"title\":\"Nahla Mattar: \\u201eEgyptian Miniatures\\u201c  f\\u00fcr Klavier op 10. Nr. 5 (Christoph Hahn, Klavier)\",\"caption\":\"\",\"description\":\"\\\"Nahla Mattar: \\u201eEgyptian Miniatures\\u201c  f\\u00fcr Klavier op 10. Nr. 5 (Christoph Hahn, Klavier)\\\" aus contrapunkt 42 - \\u00c4gypten von Theo Geissler und Eva Schrot. Ver\\u00f6ffentlicht: 2014. Titel 6. Genre: Diskussion.\",\"meta\":{\"artist\":\"Theo Geissler und Eva Schrot\",\"album\":\"contrapunkt 42 - \\u00c4gypten\",\"genre\":\"Diskussion\",\"year\":\"2014\",\"length_formatted\":\"4:18\"},\"image\":{\"src\":\"https:\/\/www.contrapunktonline.de\/content\/wp-includes\/images\/media\/audio.svg\",\"width\":48,\"height\":64},\"thumb\":{\"src\":\"https:\/\/www.contrapunktonline.de\/content\/wp-includes\/images\/media\/audio.svg\",\"width\":48,\"height\":64}},{\"src\":\"https:\/\/www.contrapunktonline.de\/content\/wp-content\/uploads\/2014\/10\/42-07.mp3\",\"type\":\"audio\/mpeg\",\"title\":\"Zweite Disskussionsrunde\",\"caption\":\"\",\"description\":\"\\\"Zweite Disskussionsrunde\\\" aus contrapunkt 42 - \\u00c4gypten von Theo Geissler und Eva Schrot. Ver\\u00f6ffentlicht: 2014. Titel 7. Genre: Diskussion.\",\"meta\":{\"artist\":\"Theo Geissler und Eva Schrot\",\"album\":\"contrapunkt 42 - \\u00c4gypten\",\"genre\":\"Diskussion\",\"year\":\"2014\",\"length_formatted\":\"12:41\"},\"image\":{\"src\":\"https:\/\/www.contrapunktonline.de\/content\/wp-includes\/images\/media\/audio.svg\",\"width\":48,\"height\":64},\"thumb\":{\"src\":\"https:\/\/www.contrapunktonline.de\/content\/wp-includes\/images\/media\/audio.svg\",\"width\":48,\"height\":64}},{\"src\":\"https:\/\/www.contrapunktonline.de\/content\/wp-content\/uploads\/2014\/10\/42-08.mp3\",\"type\":\"audio\/mpeg\",\"title\":\"Amr Okba: \\u201eIntegration\\u201c f\\u00fcr Fl\\u00f6te, Violine, Violoncello und Piano\",\"caption\":\"\",\"description\":\"\\\"Amr Okba: \\u201eIntegration\\u201c f\\u00fcr Fl\\u00f6te, Violine, Violoncello und Piano\\\" aus contrapunkt 42 - \\u00c4gypten von Theo Geissler und Eva Schrot. Ver\\u00f6ffentlicht: 2014. Titel 8. Genre: Diskussion.\",\"meta\":{\"artist\":\"Theo Geissler und Eva Schrot\",\"album\":\"contrapunkt 42 - \\u00c4gypten\",\"genre\":\"Diskussion\",\"year\":\"2014\",\"length_formatted\":\"2:23\"},\"image\":{\"src\":\"https:\/\/www.contrapunktonline.de\/content\/wp-includes\/images\/media\/audio.svg\",\"width\":48,\"height\":64},\"thumb\":{\"src\":\"https:\/\/www.contrapunktonline.de\/content\/wp-includes\/images\/media\/audio.svg\",\"width\":48,\"height\":64}}]}<\/script>\n<\/div>\n\t\n<div class=\"shariff shariff-align-left shariff-widget-align-left\"><div class=\"ShariffHeadline\"> <\/div><ul class=\"shariff-buttons theme-default orientation-horizontal buttonsize-medium\"><li class=\"shariff-button bluesky shariff-nocustomcolor\" style=\"background-color:#84c4ff\"><a href=\"https:\/\/bsky.app\/intent\/compose?text=42%20%E2%80%93%20%C3%84gypten%20%E2%80%93%20im%20Umbruch https%3A%2F%2Fwww.contrapunktonline.de%2Fcontent%2F42-aegypten-im-umbruch%2F \" title=\"Bei Bluesky teilen\" aria-label=\"Bei Bluesky teilen\" role=\"button\" rel=\"noopener nofollow\" class=\"shariff-link\" style=\"; background-color:#0085ff; color:#fff\" target=\"_blank\"><span class=\"shariff-icon\" style=\"\"><svg width=\"20\" height=\"20\" version=\"1.1\" xmlns=\"http:\/\/www.w3.org\/2000\/svg\" viewBox=\"0 0 20 20\"><path class=\"st0\" d=\"M4.89,3.12c2.07,1.55,4.3,4.71,5.11,6.4.82-1.69,3.04-4.84,5.11-6.4,1.49-1.12,3.91-1.99,3.91.77,0,.55-.32,4.63-.5,5.3-.64,2.3-2.99,2.89-5.08,2.54,3.65.62,4.58,2.68,2.57,4.74-3.81,3.91-5.48-.98-5.9-2.23-.08-.23-.11-.34-.12-.25,0-.09-.04.02-.12.25-.43,1.25-2.09,6.14-5.9,2.23-2.01-2.06-1.08-4.12,2.57-4.74-2.09.36-4.44-.23-5.08-2.54-.19-.66-.5-4.74-.5-5.3,0-2.76,2.42-1.89,3.91-.77h0Z\"\/><\/svg><\/span><span class=\"shariff-text\">teilen<\/span>&nbsp;<\/a><\/li><li class=\"shariff-button mastodon shariff-nocustomcolor\" style=\"background-color:#563ACC\"><a href=\"https:\/\/s2f.kytta.dev\/?text=42%20%E2%80%93%20%C3%84gypten%20%E2%80%93%20im%20Umbruch https%3A%2F%2Fwww.contrapunktonline.de%2Fcontent%2F42-aegypten-im-umbruch%2F\" title=\"Bei Mastodon teilen\" aria-label=\"Bei Mastodon teilen\" role=\"button\" rel=\"noopener nofollow\" class=\"shariff-link\" style=\"; background-color:#6364FF; color:#fff\" target=\"_blank\"><span class=\"shariff-icon\" style=\"\"><svg width=\"75\" height=\"79\" viewBox=\"0 0 75 79\" fill=\"none\" xmlns=\"http:\/\/www.w3.org\/2000\/svg\"><path d=\"M37.813-.025C32.462-.058 27.114.13 21.79.598c-8.544.621-17.214 5.58-20.203 13.931C-1.12 23.318.408 32.622.465 41.65c.375 7.316.943 14.78 3.392 21.73 4.365 9.465 14.781 14.537 24.782 15.385 7.64.698 15.761-.213 22.517-4.026a54.1 54.1 0 0 0 .01-6.232c-6.855 1.316-14.101 2.609-21.049 1.074-3.883-.88-6.876-4.237-7.25-8.215-1.53-3.988 3.78-.43 5.584-.883 9.048 1.224 18.282.776 27.303-.462 7.044-.837 14.26-4.788 16.65-11.833 2.263-6.135 1.215-12.79 1.698-19.177.06-3.84.09-7.692-.262-11.52C72.596 7.844 63.223.981 53.834.684a219.453 219.453 0 0 0-16.022-.71zm11.294 12.882c5.5-.067 10.801 4.143 11.67 9.653.338 1.48.471 3 .471 4.515v21.088h-8.357c-.07-7.588.153-15.182-.131-22.765-.587-4.368-7.04-5.747-9.672-2.397-2.422 3.04-1.47 7.155-1.67 10.735v6.392h-8.307c-.146-4.996.359-10.045-.404-15.002-1.108-4.218-7.809-5.565-10.094-1.666-1.685 3.046-.712 6.634-.976 9.936v14.767h-8.354c.109-8.165-.238-16.344.215-24.5.674-5.346 5.095-10.389 10.676-10.627 4.902-.739 10.103 2.038 12.053 6.631.375 1.435 1.76 1.932 1.994.084 1.844-3.704 5.501-6.739 9.785-6.771.367-.044.735-.068 1.101-.073z\"\/><defs><linearGradient id=\"paint0_linear_549_34\" x1=\"37.0692\" y1=\"0\" x2=\"37.0692\" y2=\"79\" gradientUnits=\"userSpaceOnUse\"><stop stop-color=\"#6364FF\"\/><stop offset=\"1\" stop-color=\"#563ACC\"\/><\/linearGradient><\/defs><\/svg><\/span><span class=\"shariff-text\">teilen<\/span>&nbsp;<\/a><\/li><li class=\"shariff-button info shariff-nocustomcolor\" style=\"background-color:#eee\"><a href=\"http:\/\/ct.de\/-2467514\" title=\"Weitere Informationen\" aria-label=\"Weitere Informationen\" role=\"button\" rel=\"noopener \" class=\"shariff-link\" style=\"; background-color:#fff; color:#fff\" target=\"_blank\"><span class=\"shariff-icon\" style=\"\"><svg width=\"32px\" height=\"20px\" xmlns=\"http:\/\/www.w3.org\/2000\/svg\" viewBox=\"0 0 11 32\"><path fill=\"#999\" d=\"M11.4 24v2.3q0 0.5-0.3 0.8t-0.8 0.4h-9.1q-0.5 0-0.8-0.4t-0.4-0.8v-2.3q0-0.5 0.4-0.8t0.8-0.4h1.1v-6.8h-1.1q-0.5 0-0.8-0.4t-0.4-0.8v-2.3q0-0.5 0.4-0.8t0.8-0.4h6.8q0.5 0 0.8 0.4t0.4 0.8v10.3h1.1q0.5 0 0.8 0.4t0.3 0.8zM9.2 3.4v3.4q0 0.5-0.4 0.8t-0.8 0.4h-4.6q-0.4 0-0.8-0.4t-0.4-0.8v-3.4q0-0.4 0.4-0.8t0.8-0.4h4.6q0.5 0 0.8 0.4t0.4 0.8z\"\/><\/svg><\/span><\/a><\/li><\/ul><\/div>","protected":false},"excerpt":{"rendered":"<p>13.11.2014 \u2013 Goethe-Institut M\u00fcnchen Dialog der Kulturen: Ausgabe Nr. 42 Moderation: Eva Schrot, Theo Gei\u00dfler Redaktion: Meret Forster Es ist schwierig zu beurteilen, wo \u00c4gypten heute steht: Die Euphorie, die \u00c4gyptens Revolution 2011 befl\u00fcgelte,&#46;&#46;&#46;<\/p>\n","protected":false},"author":1,"featured_media":0,"comment_status":"closed","ping_status":"closed","sticky":false,"template":"","format":"standard","meta":{"ngg_post_thumbnail":0,"_jetpack_memberships_contains_paid_content":false,"footnotes":""},"categories":[16,5,10],"tags":[26,105,108,107,67,106],"class_list":["post-559","post","type-post","status-publish","format-standard","hentry","category-br-klassik","category-dialog-der-kulturen","category-goethe-institut","tag-afrika","tag-aegypten","tag-kairo","tag-musikleben","tag-musikpolitik","tag-revolution"],"jetpack_featured_media_url":"","jetpack_sharing_enabled":true,"_links":{"self":[{"href":"https:\/\/www.contrapunktonline.de\/content\/wp-json\/wp\/v2\/posts\/559","targetHints":{"allow":["GET"]}}],"collection":[{"href":"https:\/\/www.contrapunktonline.de\/content\/wp-json\/wp\/v2\/posts"}],"about":[{"href":"https:\/\/www.contrapunktonline.de\/content\/wp-json\/wp\/v2\/types\/post"}],"author":[{"embeddable":true,"href":"https:\/\/www.contrapunktonline.de\/content\/wp-json\/wp\/v2\/users\/1"}],"replies":[{"embeddable":true,"href":"https:\/\/www.contrapunktonline.de\/content\/wp-json\/wp\/v2\/comments?post=559"}],"version-history":[{"count":5,"href":"https:\/\/www.contrapunktonline.de\/content\/wp-json\/wp\/v2\/posts\/559\/revisions"}],"predecessor-version":[{"id":583,"href":"https:\/\/www.contrapunktonline.de\/content\/wp-json\/wp\/v2\/posts\/559\/revisions\/583"}],"wp:attachment":[{"href":"https:\/\/www.contrapunktonline.de\/content\/wp-json\/wp\/v2\/media?parent=559"}],"wp:term":[{"taxonomy":"category","embeddable":true,"href":"https:\/\/www.contrapunktonline.de\/content\/wp-json\/wp\/v2\/categories?post=559"},{"taxonomy":"post_tag","embeddable":true,"href":"https:\/\/www.contrapunktonline.de\/content\/wp-json\/wp\/v2\/tags?post=559"}],"curies":[{"name":"wp","href":"https:\/\/api.w.org\/{rel}","templated":true}]}}